{"id":3218,"date":"2013-05-21T17:55:43","date_gmt":"2013-05-21T15:55:43","guid":{"rendered":"https:\/\/krets.jagareforbundet.se\/folkarna\/?p=3218"},"modified":"2013-05-21T17:55:43","modified_gmt":"2013-05-21T15:55:43","slug":"en-epok-ar-till-anda","status":"publish","type":"post","link":"https:\/\/krets.jagareforbundet.se\/folkarna\/2013\/05\/21\/en-epok-ar-till-anda\/","title":{"rendered":"En epok \u00e4r till \u00e4nda&#8230;"},"content":{"rendered":"<p>Nu har Folk\u00e4rnas dom\u00e4n www.fjvk.org upph\u00f6rt. Ca 9000 unika bes\u00f6k har vi haft under den tid den verkat i kretsens tj\u00e4nst. Det \u00e4r ingen h\u00f6g siffra men det \u00e4r 10-15 bes\u00f6k per dygn och det \u00e4r en stor andel bes\u00f6k fr\u00e5n andra \u00e4n kretsens medlemmar. Vi har ocks\u00e5 haft bes\u00f6k fr\u00e5n m\u00e5nga andra l\u00e4nder \u00e4n Sverige. Nu hoppas vi att den nya hemsidan skall ha l\u00e4ttare att komma ut med informationen. Det \u00e4r i dag om\u00f6jligt att skicka brev av ekonomiska sk\u00e4l.<\/p>\n<p>Viss viktiga meddelande kommer att g\u00e5 ut via e-post det \u00e4r d\u00e4rf\u00f6r ytterst v\u00e4rdefullt att du meddelar kretsen din aktuella E-postadress.<\/p>\n<p>Tack alla<\/p>\n<p><span style=\"color: #800000;\"><em>\u00c4lgen<\/em><\/span><\/p>\n","protected":false},"excerpt":{"rendered":"<p>Nu har Folk\u00e4rnas dom\u00e4n www.fjvk.org upph\u00f6rt. Ca 9000 unika bes\u00f6k har vi haft under den tid den verkat i kretsens tj\u00e4nst. Det \u00e4r ingen h\u00f6g siffra men det \u00e4r 10-15 bes\u00f6k per dygn och det \u00e4r en stor andel bes\u00f6k fr\u00e5n andra \u00e4n kretsens medlemmar. Vi har ocks\u00e5 haft bes\u00f6k fr\u00e5n m\u00e5nga andra l\u00e4nder \u00e4n [&hellip;]<\/p>\n","protected":false},"author":78,"featured_media":0,"comment_status":"open","ping_status":"open","sticky":false,"template":"","format":"standard","meta":{"footnotes":""},"categories":[20],"tags":[],"class_list":["post-3218","post","type-post","status-publish","format-standard","hentry","category-kretsen"],"jetpack_featured_media_url":"","_links":{"self":[{"href":"https:\/\/krets.jagareforbundet.se\/folkarna\/wp-json\/wp\/v2\/posts\/3218","targetHints":{"allow":["GET"]}}],"collection":[{"href":"https:\/\/krets.jagareforbundet.se\/folkarna\/wp-json\/wp\/v2\/posts"}],"about":[{"href":"https:\/\/krets.jagareforbundet.se\/folkarna\/wp-json\/wp\/v2\/types\/post"}],"author":[{"embeddable":true,"href":"https:\/\/krets.jagareforbundet.se\/folkarna\/wp-json\/wp\/v2\/users\/78"}],"replies":[{"embeddable":true,"href":"https:\/\/krets.jagareforbundet.se\/folkarna\/wp-json\/wp\/v2\/comments?post=3218"}],"version-history":[{"count":0,"href":"https:\/\/krets.jagareforbundet.se\/folkarna\/wp-json\/wp\/v2\/posts\/3218\/revisions"}],"wp:attachment":[{"href":"https:\/\/krets.jagareforbundet.se\/folkarna\/wp-json\/wp\/v2\/media?parent=3218"}],"wp:term":[{"taxonomy":"category","embeddable":true,"href":"https:\/\/krets.jagareforbundet.se\/folkarna\/wp-json\/wp\/v2\/categories?post=3218"},{"taxonomy":"post_tag","embeddable":true,"href":"https:\/\/krets.jagareforbundet.se\/folkarna\/wp-json\/wp\/v2\/tags?post=3218"}],"curies":[{"name":"wp","href":"https:\/\/api.w.org\/{rel}","templated":true}]}}