{"id":4379,"date":"2014-02-09T23:13:01","date_gmt":"2014-02-09T22:13:01","guid":{"rendered":"https:\/\/krets.jagareforbundet.se\/folkarna\/?p=4379"},"modified":"2014-02-09T23:13:01","modified_gmt":"2014-02-09T22:13:01","slug":"sprangstoft","status":"publish","type":"post","link":"https:\/\/krets.jagareforbundet.se\/folkarna\/2014\/02\/09\/sprangstoft\/","title":{"rendered":"Spr\u00e4ngstoft"},"content":{"rendered":"<h2><strong><a href=\"http:\/\/svenskjakt.se\/Start\/Nyheter\/2014\/02\/varg-vildsvin-och-alg-pa-valbesokt-jagarmote\/\">T\u00e4nk p\u00e5 era j\u00e4garkamrater i V\u00e4rmland. Om det fanns lika m\u00e5nga vargar i \u00f6vriga Sverige som de har i V\u00e4rmland skulle vi ha 3.700 vargar i landet.\u201d<\/a><\/strong><\/h2>\n<h2><strong>Bj\u00f6rn Spr\u00e4ngare, ordf\u00f6rande i Svenska J\u00e4garef\u00f6rbundet<\/strong><\/h2>\n","protected":false},"excerpt":{"rendered":"<p>T\u00e4nk p\u00e5 era j\u00e4garkamrater i V\u00e4rmland. Om det fanns lika m\u00e5nga vargar i \u00f6vriga Sverige som de har i V\u00e4rmland skulle vi ha 3.700 vargar i landet.\u201d Bj\u00f6rn Spr\u00e4ngare, ordf\u00f6rande i Svenska J\u00e4garef\u00f6rbundet<\/p>\n","protected":false},"author":78,"featured_media":0,"comment_status":"open","ping_status":"open","sticky":false,"template":"","format":"standard","meta":{"footnotes":""},"categories":[1],"tags":[],"class_list":["post-4379","post","type-post","status-publish","format-standard","hentry","category-okategoriserade"],"jetpack_featured_media_url":"","_links":{"self":[{"href":"https:\/\/krets.jagareforbundet.se\/folkarna\/wp-json\/wp\/v2\/posts\/4379","targetHints":{"allow":["GET"]}}],"collection":[{"href":"https:\/\/krets.jagareforbundet.se\/folkarna\/wp-json\/wp\/v2\/posts"}],"about":[{"href":"https:\/\/krets.jagareforbundet.se\/folkarna\/wp-json\/wp\/v2\/types\/post"}],"author":[{"embeddable":true,"href":"https:\/\/krets.jagareforbundet.se\/folkarna\/wp-json\/wp\/v2\/users\/78"}],"replies":[{"embeddable":true,"href":"https:\/\/krets.jagareforbundet.se\/folkarna\/wp-json\/wp\/v2\/comments?post=4379"}],"version-history":[{"count":0,"href":"https:\/\/krets.jagareforbundet.se\/folkarna\/wp-json\/wp\/v2\/posts\/4379\/revisions"}],"wp:attachment":[{"href":"https:\/\/krets.jagareforbundet.se\/folkarna\/wp-json\/wp\/v2\/media?parent=4379"}],"wp:term":[{"taxonomy":"category","embeddable":true,"href":"https:\/\/krets.jagareforbundet.se\/folkarna\/wp-json\/wp\/v2\/categories?post=4379"},{"taxonomy":"post_tag","embeddable":true,"href":"https:\/\/krets.jagareforbundet.se\/folkarna\/wp-json\/wp\/v2\/tags?post=4379"}],"curies":[{"name":"wp","href":"https:\/\/api.w.org\/{rel}","templated":true}]}}