{"id":4462,"date":"2014-03-06T15:54:37","date_gmt":"2014-03-06T14:54:37","guid":{"rendered":"https:\/\/krets.jagareforbundet.se\/folkarna\/?p=4462"},"modified":"2014-03-06T15:54:54","modified_gmt":"2014-03-06T14:54:54","slug":"hade-jag-inte-en-aning-om","status":"publish","type":"post","link":"https:\/\/krets.jagareforbundet.se\/folkarna\/2014\/03\/06\/hade-jag-inte-en-aning-om\/","title":{"rendered":"hade jag inte en aning om.."},"content":{"rendered":"<p>P\u00e5 flera h\u00e5ll i v\u00e4rlden finns tecken p\u00e5 att \u00e4lgstammen inte m\u00e5r bra.<br \/>\n\u2013\u00a0\u00c4lgstammen i Minnesota minskar of\u00f6rklarligt, det g\u00e5r d\u00e5ligt f\u00f6r \u00e4lgarna i v\u00e4stra Finland och fr\u00e5n Norge kommer rapporter om att antalet dubbelkalvar sjunker orov\u00e4ckande. Det finns hos oss m\u00e4nniskor en inneboende f\u00f6rnekelse att det \u00e4r normalt, men \u00e4r det s\u00e5 egentligen? Vi har ett ansvar att ta fram fakta, s\u00e4ger Torsten M\u00f6rner.<\/p>\n<p>Detta trots att han redan mycket v\u00e4l vet:<\/p>\n<p>att vi jagar i brunsten<\/p>\n<p>att vi jagar vid f\u00f6r h\u00f6g temperatur<\/p>\n<p>att vi jagar 2 m\u00e5nader f\u00f6r l\u00e4nge f\u00f6r att tillgodose skogsbolagen.<\/p>\n<p>\u00c4lgen<\/p>\n","protected":false},"excerpt":{"rendered":"<p>P\u00e5 flera h\u00e5ll i v\u00e4rlden finns tecken p\u00e5 att \u00e4lgstammen inte m\u00e5r bra. \u2013\u00a0\u00c4lgstammen i Minnesota minskar of\u00f6rklarligt, det g\u00e5r d\u00e5ligt f\u00f6r \u00e4lgarna i v\u00e4stra Finland och fr\u00e5n Norge kommer rapporter om att antalet dubbelkalvar sjunker orov\u00e4ckande. Det finns hos oss m\u00e4nniskor en inneboende f\u00f6rnekelse att det \u00e4r normalt, men \u00e4r det s\u00e5 egentligen? Vi [&hellip;]<\/p>\n","protected":false},"author":78,"featured_media":0,"comment_status":"open","ping_status":"open","sticky":false,"template":"","format":"standard","meta":{"footnotes":""},"categories":[16,1],"tags":[],"class_list":["post-4462","post","type-post","status-publish","format-standard","hentry","category-alg-2","category-okategoriserade"],"jetpack_featured_media_url":"","_links":{"self":[{"href":"https:\/\/krets.jagareforbundet.se\/folkarna\/wp-json\/wp\/v2\/posts\/4462","targetHints":{"allow":["GET"]}}],"collection":[{"href":"https:\/\/krets.jagareforbundet.se\/folkarna\/wp-json\/wp\/v2\/posts"}],"about":[{"href":"https:\/\/krets.jagareforbundet.se\/folkarna\/wp-json\/wp\/v2\/types\/post"}],"author":[{"embeddable":true,"href":"https:\/\/krets.jagareforbundet.se\/folkarna\/wp-json\/wp\/v2\/users\/78"}],"replies":[{"embeddable":true,"href":"https:\/\/krets.jagareforbundet.se\/folkarna\/wp-json\/wp\/v2\/comments?post=4462"}],"version-history":[{"count":0,"href":"https:\/\/krets.jagareforbundet.se\/folkarna\/wp-json\/wp\/v2\/posts\/4462\/revisions"}],"wp:attachment":[{"href":"https:\/\/krets.jagareforbundet.se\/folkarna\/wp-json\/wp\/v2\/media?parent=4462"}],"wp:term":[{"taxonomy":"category","embeddable":true,"href":"https:\/\/krets.jagareforbundet.se\/folkarna\/wp-json\/wp\/v2\/categories?post=4462"},{"taxonomy":"post_tag","embeddable":true,"href":"https:\/\/krets.jagareforbundet.se\/folkarna\/wp-json\/wp\/v2\/tags?post=4462"}],"curies":[{"name":"wp","href":"https:\/\/api.w.org\/{rel}","templated":true}]}}