{"id":4584,"date":"2014-05-02T20:42:58","date_gmt":"2014-05-02T18:42:58","guid":{"rendered":"https:\/\/krets.jagareforbundet.se\/folkarna\/?p=4584"},"modified":"2014-05-02T20:42:58","modified_gmt":"2014-05-02T18:42:58","slug":"viltundersokare","status":"publish","type":"post","link":"https:\/\/krets.jagareforbundet.se\/folkarna\/2014\/05\/02\/viltundersokare\/","title":{"rendered":"viltunders\u00f6kare"},"content":{"rendered":"<p>Debatt :<\/p>\n<p>\u201d\u00c4r det inte dags att b\u00f6rja marknadsf\u00f6ra sin egen verksamhet?\u201d<\/p>\n<p><b>I flera \u00e5r har J\u00e4garef\u00f6rbundet utbildat viltunders\u00f6kare, j\u00e4gare som ska kunna g\u00f6ra en grundl\u00e4ggande unders\u00f6kning av f\u00e4llt vilt. Men hur m\u00e5nga vet vad en viltunders\u00f6kare \u00e4r och g\u00f6r? Varf\u00f6r marknadsf\u00f6r inte f\u00f6rbundet sin verksamhet? <\/b><b><\/b><\/p>\n<p>Svenska J\u00e4garef\u00f6rbundet har sedan n\u00e5gra \u00e5r tillbaka arbetat med att ta fram ett digert material g\u00e4llande hur man p\u00e5 ett livsmedels\u00e4kert s\u00e4tt hanterar viltet efter skottet. Detta f\u00f6r att man ska kunna utbilda ett stort antal viltunders\u00f6kare.<br \/>\nEtt v\u00e4ldigt bra och genomarbetat material!<br \/>\nMan vill med detta sprida b\u00e4ttre kunskap om viltets anatomi inom j\u00e4gark\u00e5ren, om det uppst\u00e5r tveksamheter vid in- och utv\u00e4rtes f\u00f6r\u00e4ndringar hos nedlagt vilt.<br \/>\nH\u00e4r f\u00e5r man inte bara kunskap utan man f\u00f6renklar \u00e4ven f\u00f6r j\u00e4garen som ska s\u00e4lja viltet vidare eller konsumera det f\u00f6r eget bruk.<br \/>\nMan slipper ocks\u00e5 f\u00f6rh\u00f6jda veterin\u00e4rkostnader hos de godk\u00e4nda vilthanteringsanl\u00e4ggningar som tar emot vilt.<br \/>\nSom j\u00e4gare slipper man \u00e4ven sl\u00e4pa med sig de inre organen till vilthanteringsanl\u00e4ggningen och mottagaren slipper d\u00e5 on\u00f6digt mycket slaktavfall. Veterin\u00e4ren kommer snabbare d\u00e4rifr\u00e5n, vilket ocks\u00e5 leder till minskade kostnader f\u00f6r alla inblandade.<br \/>\nHela syftet \u00e4r att vi ska f\u00e5 \u00f6kade kunskaper och d\u00e4rmed ett s\u00e4krare livsmedel.<\/p>\n<p><b>Marknadsf\u00f6ring beh\u00f6vs<\/b><br \/>\nMen vad \u00e4r d\u00e5 en VU (viltunders\u00f6kningsman)? Den fr\u00e5gan f\u00e5r jag allt oftare. Merparten av j\u00e4garna har aldrig ens h\u00f6rt talats om begreppet?<br \/>\nHur g\u00e5r vi f\u00f6r att n\u00e5 ut med detta? F\u00f6rslagsvis marknadsf\u00f6r man detta.<br \/>\nVem g\u00f6r det? Man tycker att detta borde ligga i J\u00e4garef\u00f6rbundets intresse. Inte minst eftersom man erh\u00e5ller en summa pengar f\u00f6r varje viltunders\u00f6kare som utbildas.<br \/>\nDessutom \u00e4r m\u00e5ls\u00e4ttningen att det p\u00e5 l\u00e5ng sikt ska utexamineras minst 30.000 j\u00e4gare som viltunders\u00f6kare. Man vill att en till tv\u00e5 personer i varje jaktlag ska ha denna kunskap. Idag finns cirka 2.000 utbildade j\u00e4gare.<br \/>\nDags att s\u00e4tta fart! F\u00f6rslagsvis anv\u00e4nder man sin medlemstidning och webbplats Svensk Jakt f\u00f6r att sprida budskapet i redaktionell text och via annonsering.<br \/>\nH\u00e4r borde man redovisa och marknadsf\u00f6ra var man som j\u00e4gare kan g\u00e5 kursen. F\u00f6rslagsvis med en lista d\u00e4r alla auktoriserade utbildare finns noterade, med geografisk plats.<\/p>\n<p><b>Sparar pengar<\/b><br \/>\nEn annan positiv sak med viltunders\u00f6kare \u00e4r att man fr\u00e5n l\u00e4nsstyrelsen via rekommendation fr\u00e5n J\u00e4garef\u00f6rbundet skickar ut s\u00e5dana till jaktlagen om man exempelvis \u00e4r tveksam till om \u00e4lgen man skjutit \u00e4r tj\u00e4nlig som m\u00e4nniskof\u00f6da.\u00a0 Detta \u00e4r bra!<br \/>\nJ\u00e4garen sparar pengar som slipper betala dyra veterin\u00e4rkostnader. Detta \u00e4r i sin tur ocks\u00e5 positivt f\u00f6r veterin\u00e4ren som kan \u00e4gna sin tid \u00e5t betydligt viktigare saker.<br \/>\nMen \u00e4r det inte i och med detta l\u00e4mpligt att auktorisera de som \u00e4r b\u00e4st l\u00e4mpade f\u00f6r en s\u00e5dan uppgift? Detta s\u00e5 man f\u00e5r s\u00e5 kunnigt folk som m\u00f6jligt att utf\u00f6ra jobbet.<br \/>\nDe b\u00e4st l\u00e4mpade \u00e4r viltunders\u00f6kare som \u00e4ven driver en godk\u00e4nd vilthanteringsanl\u00e4ggning, av den enkla anledningen att de personer som mer eller mindre dagligen kommer i kontakt med och kontrollerar vilt givetvis hr st\u00f6rst kunskaper.<br \/>\nEftersom \u00e4lgar som \u00e4r tveksamma som livsmedel \u00e4r relativt ovanliga, s\u00e5 \u00e4r det l\u00e4tt att man tappar kunskap.<br \/>\nOm man som nyutbildad viltunders\u00f6kare endast f\u00e5r g\u00f6ra ett eller ett litet f\u00e5tal unders\u00f6kningar per \u00e5r, s\u00e5 \u00e4r det l\u00e4tt att man gl\u00f6mmer bort och g\u00f6r missar. Det g\u00f6r inte den som driver en verksamhet inom omr\u00e5det till vardags.<br \/>\nOm anl\u00e4ggningarna \u00e4r glest f\u00f6rekommande i l\u00e4net s\u00e5 tills\u00e4tter man givetvis andra viltunders\u00f6kare. Den h\u00f6gsta kompetensen b\u00f6r vara det som avg\u00f6r i f\u00f6rsta hand.<\/p>\n<p><i>Thomas Ekberg<\/i><br \/>\n<i>Yrkesj\u00e4gare<\/i><\/p>\n","protected":false},"excerpt":{"rendered":"<p>Debatt : \u201d\u00c4r det inte dags att b\u00f6rja marknadsf\u00f6ra sin egen verksamhet?\u201d I flera \u00e5r har J\u00e4garef\u00f6rbundet utbildat viltunders\u00f6kare, j\u00e4gare som ska kunna g\u00f6ra en grundl\u00e4ggande unders\u00f6kning av f\u00e4llt vilt. Men hur m\u00e5nga vet vad en viltunders\u00f6kare \u00e4r och g\u00f6r? Varf\u00f6r marknadsf\u00f6r inte f\u00f6rbundet sin verksamhet? Svenska J\u00e4garef\u00f6rbundet har sedan n\u00e5gra \u00e5r tillbaka arbetat med [&hellip;]<\/p>\n","protected":false},"author":78,"featured_media":0,"comment_status":"open","ping_status":"open","sticky":false,"template":"","format":"standard","meta":{"footnotes":""},"categories":[18],"tags":[],"class_list":["post-4584","post","type-post","status-publish","format-standard","hentry","category-jakt-allmant"],"jetpack_featured_media_url":"","_links":{"self":[{"href":"https:\/\/krets.jagareforbundet.se\/folkarna\/wp-json\/wp\/v2\/posts\/4584","targetHints":{"allow":["GET"]}}],"collection":[{"href":"https:\/\/krets.jagareforbundet.se\/folkarna\/wp-json\/wp\/v2\/posts"}],"about":[{"href":"https:\/\/krets.jagareforbundet.se\/folkarna\/wp-json\/wp\/v2\/types\/post"}],"author":[{"embeddable":true,"href":"https:\/\/krets.jagareforbundet.se\/folkarna\/wp-json\/wp\/v2\/users\/78"}],"replies":[{"embeddable":true,"href":"https:\/\/krets.jagareforbundet.se\/folkarna\/wp-json\/wp\/v2\/comments?post=4584"}],"version-history":[{"count":0,"href":"https:\/\/krets.jagareforbundet.se\/folkarna\/wp-json\/wp\/v2\/posts\/4584\/revisions"}],"wp:attachment":[{"href":"https:\/\/krets.jagareforbundet.se\/folkarna\/wp-json\/wp\/v2\/media?parent=4584"}],"wp:term":[{"taxonomy":"category","embeddable":true,"href":"https:\/\/krets.jagareforbundet.se\/folkarna\/wp-json\/wp\/v2\/categories?post=4584"},{"taxonomy":"post_tag","embeddable":true,"href":"https:\/\/krets.jagareforbundet.se\/folkarna\/wp-json\/wp\/v2\/tags?post=4584"}],"curies":[{"name":"wp","href":"https:\/\/api.w.org\/{rel}","templated":true}]}}