{"id":4603,"date":"2014-05-08T09:43:57","date_gmt":"2014-05-08T07:43:57","guid":{"rendered":"https:\/\/krets.jagareforbundet.se\/folkarna\/?p=4603"},"modified":"2014-05-08T09:43:57","modified_gmt":"2014-05-08T07:43:57","slug":"jaktens-betydelse-pa-ett-enklare-satt","status":"publish","type":"post","link":"https:\/\/krets.jagareforbundet.se\/folkarna\/2014\/05\/08\/jaktens-betydelse-pa-ett-enklare-satt\/","title":{"rendered":"Jaktens betydelse p\u00e5 ett enklare s\u00e4tt."},"content":{"rendered":"<p><span style=\"line-height: 1.5em\">Alla borde begripa att en arts population normalt, om goda f\u00f6ruts\u00e4ttningar finns, v\u00e4xer tills n\u00e5gon d\u00f6dlighet, begr\u00e4nsar den. \u00c4r arten ocks\u00e5 ett skadedjur \u00f6kar skador fr\u00e5n dessa, alltid i proportion till antalet djur i populationen.<\/span><\/p>\n<p>Beroende p\u00e5 livs\u00e5ldern sker denna \u00f6kning logaritmiskt, f\u00f6r vissa arter, till en populationsstorlek som \u00e4r ol\u00e4mplig eller om\u00f6jlig av m\u00e5nga sk\u00e4l, att h\u00e4rbergera i omr\u00e5det.<\/p>\n<p>D\u00f6dlighet indelas i av: \u00e5lder, predation, sjukdomar, trafik och jakt, och m\u00e5ste styras, f\u00f6rvaltas av det totala samh\u00e4llerliga ansvaret, oavsett s\u00e4rintresse, detta genom att klokt bed\u00f6ma hur det sammantaget skall ske.<\/p>\n<p>Om vi b\u00f6rjar med d\u00f6dlighet av \u00e5lder \u00e4r det en metod som i djurlivets slutskede kan bli mycket sm\u00e4rtsamt och d\u00e4rf\u00f6r tillh\u00f6r detta inte de sanna naturv\u00e4nnernas metod.<\/p>\n<p>Predation sker i niv\u00e5 med det antal predatorer (rovdjur varg, bj\u00f6rn)som till\u00e5ts leva i omr\u00e5det och sker n\u00e4stan uteslutande p\u00e5 yngre djur(kalv, kid och yngre djur) som ett genomsnitt av arten f\u00f6ryngring, och \u00f6kar d\u00e4rmed populationens medel\u00e5lder. Artens inre predation \u00e4r betingad av arternas fortplantning och ligger mest p\u00e5 hornb\u00e4rande arter men \u00e4ven p\u00e5 andra, d\u00f6dligheten \u00e4r ocks\u00e5 d\u00e4r antalsberoende, och i viss m\u00e5n k\u00f6nsantalsberoende.<\/p>\n<p>Sjukdomar sl\u00e5r h\u00e5rdare i t\u00e4ta, obalanserade \u00e4ldre populationer och \u00e4r ofta en l\u00e5ngsamverkande sm\u00e4rtsam, ej l\u00e4mplig, begr\u00e4nsningsmetod.<\/p>\n<p>Trafik sk\u00f6rdar liv och skador p\u00e5 b\u00e5de djur, m\u00e4nniskor samt skador p\u00e5 material, stort antal efters\u00f6k p\u00e5 skadade djur lyckas, men n\u00e5gra f\u00e5 tyv\u00e4rr inte, populationsstorleken mm. avg\u00f6r bla. antalet.<\/p>\n<p>Jakten \u00e4r den metod som normalt folk f\u00f6rst\u00e5tt som det humanaste s\u00e4ttet att begr\u00e4nsa artens population p\u00e5 ett etiskt riktigt s\u00e4tt, \u00e4ven d\u00e4r f\u00f6rekommer ett f\u00e5tal skador p\u00e5 djur som \u00e4r l\u00e4ttare att avsluta \u00e4n i trafik pga. att j\u00e4gare och ansvariga omedelbart finns p\u00e5 plats.<\/p>\n<p>Av att kombinera jakt och nytta(K\u00f6ttv\u00e4rde) skadeniv\u00e5 h\u00e5ller landet fortsatt ett antal v\u00e4lutbildade j\u00e4gare med f\u00f6r efters\u00f6k och jakt l\u00e4mpliga hundar v\u00e4l organiserade i lokala f\u00f6reningar. Som aldrig influgna v\u00e4lbetalande jaktturister eller stadsanst\u00e4llda j\u00e4gare kan ers\u00e4tta.<\/p>\n<p>Fors den 8 maj 2014<\/p>\n<p>&nbsp;<\/p>\n","protected":false},"excerpt":{"rendered":"<p>Alla borde begripa att en arts population normalt, om goda f\u00f6ruts\u00e4ttningar finns, v\u00e4xer tills n\u00e5gon d\u00f6dlighet, begr\u00e4nsar den. \u00c4r arten ocks\u00e5 ett skadedjur \u00f6kar skador fr\u00e5n dessa, alltid i proportion till antalet djur i populationen. Beroende p\u00e5 livs\u00e5ldern sker denna \u00f6kning logaritmiskt, f\u00f6r vissa arter, till en populationsstorlek som \u00e4r ol\u00e4mplig eller om\u00f6jlig av m\u00e5nga [&hellip;]<\/p>\n","protected":false},"author":78,"featured_media":0,"comment_status":"open","ping_status":"open","sticky":false,"template":"","format":"standard","meta":{"footnotes":""},"categories":[18],"tags":[],"class_list":["post-4603","post","type-post","status-publish","format-standard","hentry","category-jakt-allmant"],"jetpack_featured_media_url":"","_links":{"self":[{"href":"https:\/\/krets.jagareforbundet.se\/folkarna\/wp-json\/wp\/v2\/posts\/4603","targetHints":{"allow":["GET"]}}],"collection":[{"href":"https:\/\/krets.jagareforbundet.se\/folkarna\/wp-json\/wp\/v2\/posts"}],"about":[{"href":"https:\/\/krets.jagareforbundet.se\/folkarna\/wp-json\/wp\/v2\/types\/post"}],"author":[{"embeddable":true,"href":"https:\/\/krets.jagareforbundet.se\/folkarna\/wp-json\/wp\/v2\/users\/78"}],"replies":[{"embeddable":true,"href":"https:\/\/krets.jagareforbundet.se\/folkarna\/wp-json\/wp\/v2\/comments?post=4603"}],"version-history":[{"count":0,"href":"https:\/\/krets.jagareforbundet.se\/folkarna\/wp-json\/wp\/v2\/posts\/4603\/revisions"}],"wp:attachment":[{"href":"https:\/\/krets.jagareforbundet.se\/folkarna\/wp-json\/wp\/v2\/media?parent=4603"}],"wp:term":[{"taxonomy":"category","embeddable":true,"href":"https:\/\/krets.jagareforbundet.se\/folkarna\/wp-json\/wp\/v2\/categories?post=4603"},{"taxonomy":"post_tag","embeddable":true,"href":"https:\/\/krets.jagareforbundet.se\/folkarna\/wp-json\/wp\/v2\/tags?post=4603"}],"curies":[{"name":"wp","href":"https:\/\/api.w.org\/{rel}","templated":true}]}}