{"id":4937,"date":"2014-11-06T22:51:05","date_gmt":"2014-11-06T21:51:05","guid":{"rendered":"https:\/\/krets.jagareforbundet.se\/folkarna\/?p=4937"},"modified":"2014-11-06T22:51:57","modified_gmt":"2014-11-06T21:51:57","slug":"longnare","status":"publish","type":"post","link":"https:\/\/krets.jagareforbundet.se\/folkarna\/2014\/11\/06\/longnare\/","title":{"rendered":"L\u00f6ngnare"},"content":{"rendered":"<p>Strax f\u00f6re torsdagens TV debatts avslutning f\u00e5r de \u00e5ter ljuga att\u00a0<span style=\"color: #ff0000\"><strong>&#8221;Vargen \u00e4r utrotningshotad&#8221;<\/strong>\u00a0 <\/span><\/p>\n<p><span style=\"color: #ff0000\"><span style=\"color: #000000\">Fakta \u00e4r att,\u00a0<\/span><\/span>\u00e4ven om alla vargar i den svenska populationen skjuts, \u00e4r absolut inte arten, p\u00e5 n\u00e5got vis hotad !!!<\/p>\n","protected":false},"excerpt":{"rendered":"<p>Strax f\u00f6re torsdagens TV debatts avslutning f\u00e5r de \u00e5ter ljuga att\u00a0&#8221;Vargen \u00e4r utrotningshotad&#8221;\u00a0 Fakta \u00e4r att,\u00a0\u00e4ven om alla vargar i den svenska populationen skjuts, \u00e4r absolut inte arten, p\u00e5 n\u00e5got vis hotad !!!<\/p>\n","protected":false},"author":78,"featured_media":0,"comment_status":"open","ping_status":"open","sticky":false,"template":"","format":"standard","meta":{"footnotes":""},"categories":[1,15],"tags":[],"class_list":["post-4937","post","type-post","status-publish","format-standard","hentry","category-okategoriserade","category-rovdjur"],"jetpack_featured_media_url":"","_links":{"self":[{"href":"https:\/\/krets.jagareforbundet.se\/folkarna\/wp-json\/wp\/v2\/posts\/4937","targetHints":{"allow":["GET"]}}],"collection":[{"href":"https:\/\/krets.jagareforbundet.se\/folkarna\/wp-json\/wp\/v2\/posts"}],"about":[{"href":"https:\/\/krets.jagareforbundet.se\/folkarna\/wp-json\/wp\/v2\/types\/post"}],"author":[{"embeddable":true,"href":"https:\/\/krets.jagareforbundet.se\/folkarna\/wp-json\/wp\/v2\/users\/78"}],"replies":[{"embeddable":true,"href":"https:\/\/krets.jagareforbundet.se\/folkarna\/wp-json\/wp\/v2\/comments?post=4937"}],"version-history":[{"count":0,"href":"https:\/\/krets.jagareforbundet.se\/folkarna\/wp-json\/wp\/v2\/posts\/4937\/revisions"}],"wp:attachment":[{"href":"https:\/\/krets.jagareforbundet.se\/folkarna\/wp-json\/wp\/v2\/media?parent=4937"}],"wp:term":[{"taxonomy":"category","embeddable":true,"href":"https:\/\/krets.jagareforbundet.se\/folkarna\/wp-json\/wp\/v2\/categories?post=4937"},{"taxonomy":"post_tag","embeddable":true,"href":"https:\/\/krets.jagareforbundet.se\/folkarna\/wp-json\/wp\/v2\/tags?post=4937"}],"curies":[{"name":"wp","href":"https:\/\/api.w.org\/{rel}","templated":true}]}}