{"id":4967,"date":"2014-12-09T20:12:44","date_gmt":"2014-12-09T19:12:44","guid":{"rendered":"https:\/\/krets.jagareforbundet.se\/folkarna\/?p=4967"},"modified":"2014-12-09T20:18:27","modified_gmt":"2014-12-09T19:18:27","slug":"36-miljoner","status":"publish","type":"post","link":"https:\/\/krets.jagareforbundet.se\/folkarna\/2014\/12\/09\/36-miljoner\/","title":{"rendered":"36 Miljoner"},"content":{"rendered":"<p>F\u00f6r ett par \u00e5r sedan gjordes inventeringsmetodiken om. I teorin kanske inventeringarna blev b\u00e4ttre och Naturv\u00e5rdsverket skrev nyligen i ett pressmeddelande att det till och med \u00e4r <a href=\"http:\/\/www.naturvardsverket.se\/Nyheter-och-pressmeddelanden\/Lodjurstammen-minskar-i-Sverige-och-Norge\/\" target=\"_blank\">inventeringar i v\u00e4rldsklass!<\/a><\/p>\n<div id=\"pageWrap\" class=\"equal\">\n<div id=\"pageWrapInner\" class=\"clearfix\">\n<div id=\"pageContent\">\n<div id=\"innerContent\" class=\"clearfix\">\n<form id=\"Form1\" action=\"\" method=\"post\">\n<div class=\"mainCol\">\n<div class=\"article\">\n<p>S\u00e5 kan det s\u00e4kert vara. Men fr\u00e5gan \u00e4r om det inte s\u00e4ger mer om andra l\u00e4nders underm\u00e5liga inventeringar \u00e4n den inventering vi har?<br \/>\nF\u00f6r trots att det \u00e5rligen skjuts in 36 miljoner kronor i inventeringsarbetet bygger \u00e4ven den nya inventeringen p\u00e5 sn\u00f6 och allm\u00e4nhetens lust att rapportera in sp\u00e5r av stora rovdjur.<\/p>\n<p>Grunden f\u00f6r inventeringsbygget \u00e4r rutten. Sn\u00f6 saknas oftast och allt f\u00e4rre vill dela med sig av sina obsar. Att inte j\u00e4gare rapporterar in familjegrupper av lodjur n\u00e4r det v\u00e4l finns sn\u00f6 \u00e4r beklagligt \u2013 och det leder ofelbart till inskr\u00e4nkta jaktm\u00f6jligheter. Men det \u00e4r tyv\u00e4rr frukten av det numera n\u00e4stan obefintliga f\u00f6rtroendet f\u00f6r Naturv\u00e5rdsverket.<\/p>\n<div id=\"pageWrap\" class=\"equal\">\n<div id=\"pageWrapInner\" class=\"clearfix\">\n<div id=\"pageContent\">\n<div id=\"innerContent\" class=\"clearfix\">\n<div class=\"mainCol\">\n<div class=\"article\">\n<div>\n<p>Att vi g\u00e5r mot varmare och gr\u00f6nare vintrar tycks den samlade klimatexpertisen vara enig om. Att i det l\u00e4get bygga en inventering \u2013 och i f\u00f6rl\u00e4ngningen f\u00f6rvaltning av stora rovdjur \u2013 p\u00e5 att det ska finnas sn\u00f6 \u00e4r en tankevurpa som heter duga. Om myndigheten nu faktiskt vill hitta de lodjur och vargar som trots allt finns.<\/p>\n<p>Olle Olsson Sv Jakt<\/p>\n<\/div>\n<\/div>\n<\/div>\n<\/div>\n<\/div>\n<\/div>\n<\/div>\n<\/div>\n<\/div>\n<\/form>\n<\/div>\n<\/div>\n<\/div>\n<\/div>\n","protected":false},"excerpt":{"rendered":"<p>F\u00f6r ett par \u00e5r sedan gjordes inventeringsmetodiken om. I teorin kanske inventeringarna blev b\u00e4ttre och Naturv\u00e5rdsverket skrev nyligen i ett pressmeddelande att det till och med \u00e4r inventeringar i v\u00e4rldsklass! S\u00e5 kan det s\u00e4kert vara. Men fr\u00e5gan \u00e4r om det inte s\u00e4ger mer om andra l\u00e4nders underm\u00e5liga inventeringar \u00e4n den inventering vi har? F\u00f6r trots [&hellip;]<\/p>\n","protected":false},"author":78,"featured_media":0,"comment_status":"open","ping_status":"open","sticky":false,"template":"","format":"standard","meta":{"footnotes":""},"categories":[15],"tags":[],"class_list":["post-4967","post","type-post","status-publish","format-standard","hentry","category-rovdjur"],"jetpack_featured_media_url":"","_links":{"self":[{"href":"https:\/\/krets.jagareforbundet.se\/folkarna\/wp-json\/wp\/v2\/posts\/4967","targetHints":{"allow":["GET"]}}],"collection":[{"href":"https:\/\/krets.jagareforbundet.se\/folkarna\/wp-json\/wp\/v2\/posts"}],"about":[{"href":"https:\/\/krets.jagareforbundet.se\/folkarna\/wp-json\/wp\/v2\/types\/post"}],"author":[{"embeddable":true,"href":"https:\/\/krets.jagareforbundet.se\/folkarna\/wp-json\/wp\/v2\/users\/78"}],"replies":[{"embeddable":true,"href":"https:\/\/krets.jagareforbundet.se\/folkarna\/wp-json\/wp\/v2\/comments?post=4967"}],"version-history":[{"count":0,"href":"https:\/\/krets.jagareforbundet.se\/folkarna\/wp-json\/wp\/v2\/posts\/4967\/revisions"}],"wp:attachment":[{"href":"https:\/\/krets.jagareforbundet.se\/folkarna\/wp-json\/wp\/v2\/media?parent=4967"}],"wp:term":[{"taxonomy":"category","embeddable":true,"href":"https:\/\/krets.jagareforbundet.se\/folkarna\/wp-json\/wp\/v2\/categories?post=4967"},{"taxonomy":"post_tag","embeddable":true,"href":"https:\/\/krets.jagareforbundet.se\/folkarna\/wp-json\/wp\/v2\/tags?post=4967"}],"curies":[{"name":"wp","href":"https:\/\/api.w.org\/{rel}","templated":true}]}}