{"id":4972,"date":"2014-12-11T00:43:17","date_gmt":"2014-12-10T23:43:17","guid":{"rendered":"https:\/\/krets.jagareforbundet.se\/folkarna\/?p=4972"},"modified":"2014-12-11T00:43:18","modified_gmt":"2014-12-10T23:43:18","slug":"kretsplan-2014-15","status":"publish","type":"post","link":"https:\/\/krets.jagareforbundet.se\/folkarna\/2014\/12\/11\/kretsplan-2014-15\/","title":{"rendered":"Kretsplan 2014-15"},"content":{"rendered":"<p><strong>Kretsplan 2014-15<\/strong><\/p>\n<ol>\n<li><span style=\"text-decoration: line-through\">Uppgift om krets\u00e5rsm\u00f6te 2015 till JFD f\u00f6r\u00a0Svensk Jakt [AU] [Tisdag 2013-12-10] se punkt 10-18-19.<\/span><\/li>\n<li>Kallelse till styrelsem\u00f6tet den 2015-01-09 ut [2014-12-12] bilaga Protokoll AU<\/li>\n<li>Sista dag f\u00f6r motion till FJVK st\u00e4mma [Fredag 2014-12-31] [medlemmarna]<\/li>\n<li>Rapport om viltolyckor 2014 till AU\/G\u00c4SO\/SD\u00c4SO\/Avesta kommun [Kretsansvarig,] [Torsdag 2015-01-13]<\/li>\n<li>Bokning av \u00e5rsm\u00f6teslokal 26\/2 2015[ B Fager\u00e4ng] [2015-01-09]<\/li>\n<li>Uppgift antal delegater vid JFD st\u00e4mma,\u00a0&gt;200 medlemmar 3 st, &lt;200 medlemmar 2 st ombud[2015-02-03]<\/li>\n<li>R\u00e4kenskaperna till revisorerna [\u00a0\u00a0Kass\u00f6ren\u00a0] [2015-01-21]<\/li>\n<li>Kallelser till \u00e5rsm\u00f6tet 2015 till medlemmar(mail) och hemsidan [\u00a0Webbmaster ][ 2015-02-10]<\/li>\n<li>Annonsering om FJVK \u00e5rsst\u00e4mma 2015\u00a0i Annonsbladet Avesta \u00a0[Sekreteraren][ 2015-02-09]<\/li>\n<li>Revisionsrapport till Styrelsens AU\u00a0\u00a0\u00a0 [\u00a0Revisorerna ] [2015-02-05]<\/li>\n<li>Utbildningsrapport till AU [Utbildningsansvarig] [2015-02-12]<\/li>\n<li>Medlemsrapport fr\u00e5n JFD [Ordf\u00f6rande] [2015-02-12]<\/li>\n<li>Budgetf\u00f6rslag till AU [Kass\u00f6ren ] [2015-02-12]<\/li>\n<li>Valberedningens f\u00f6rslag till AU [Valberedningen ] [2015-02-12]<\/li>\n<li>Kontroll av medlemskap bland f\u00f6reslagna [AU] [2015-02-12]<\/li>\n<li>Verksamhetsber\u00e4ttelse till AU [Sekreteraren] [2015-02-12]<\/li>\n<li>AU m\u00f6te inf\u00f6r st\u00e4mma 2015[Ordf\u00f6rande] [2015-02-13]<\/li>\n<li>Krets\u00e5rsm\u00f6te Bergshyttan [Ordf\u00f6rande] [2015-02-27]<\/li>\n<li>Styrelsem\u00f6te Bergshyttan [Ordf\u00f6rande] [2015-02-27]<\/li>\n<li>Protokoll till ordf\u00f6rande och justeringsm\u00e4n [Sekreteraren] [2015-03-03]<\/li>\n<li>Komplett lista med uppgifter om styrelse och funktion\u00e4rer till JFD [Sekreteraren ] [2015-03-03]<\/li>\n<li>Motioner\u00a0och delegater till\u00a0JFD st\u00e4mman 2015 [ Sekreteraren] [2015-03-06]<\/li>\n<li>F\u00f6rslag till utm\u00e4rkelser till JFD [Ordf\u00f6rande] [2015-03-03]<\/li>\n<li>Kretsens Verksamhetsber\u00e4ttelse, Balans- och resultatr\u00e4kning till JFD [Sekreteraren] [2015-03-15]<\/li>\n<li>St\u00e4mmoprotokoll e-postas till JFD, medlemmarna och till Hemsidan [sekreteraren] [2015-03-03]<\/li>\n<li>Rapport om ungdomsverksamheten till JFD [Utbildningsansvarig] [2015-03-03]<\/li>\n<li>Jaktlagens rapporter till Sm\u00e5viltansvarig\/Viltdata [Jaktlagets rapport\u00f6r] [2015-03-31]<\/li>\n<li>L\u00e4nsf\u00f6rbundets st\u00e4mma 2015[Ombud] [2015-04-05]-<\/li>\n<li>Regler, info mm ang KM skytte ut till Skytteansvariga p\u00e5 \u00e4lgbanorna [2015-04-31<\/li>\n<li>Kretsens sm\u00e5viltstatistik till AU [Sm\u00e5viltansvarig] [2015-04-30]<\/li>\n<li>Kretsm\u00e4sterskap i \u00e4lgbaneskytte [Skytteansvariga] [2015-08-18]<\/li>\n<li>Resultat fr\u00e5n KM till\u00a0JFD [Skytteansvariga] [2015-08-31]<\/li>\n<\/ol>\n","protected":false},"excerpt":{"rendered":"<p>Kretsplan 2014-15 Uppgift om krets\u00e5rsm\u00f6te 2015 till JFD f\u00f6r\u00a0Svensk Jakt [AU] [Tisdag 2013-12-10] se punkt 10-18-19. Kallelse till styrelsem\u00f6tet den 2015-01-09 ut [2014-12-12] bilaga Protokoll AU Sista dag f\u00f6r motion till FJVK st\u00e4mma [Fredag 2014-12-31] [medlemmarna] Rapport om viltolyckor 2014 till AU\/G\u00c4SO\/SD\u00c4SO\/Avesta kommun [Kretsansvarig,] [Torsdag 2015-01-13] Bokning av \u00e5rsm\u00f6teslokal 26\/2 2015[ B Fager\u00e4ng] [2015-01-09] Uppgift [&hellip;]<\/p>\n","protected":false},"author":78,"featured_media":0,"comment_status":"open","ping_status":"open","sticky":false,"template":"","format":"standard","meta":{"footnotes":""},"categories":[68],"tags":[],"class_list":["post-4972","post","type-post","status-publish","format-standard","hentry","category-moten"],"jetpack_featured_media_url":"","_links":{"self":[{"href":"https:\/\/krets.jagareforbundet.se\/folkarna\/wp-json\/wp\/v2\/posts\/4972","targetHints":{"allow":["GET"]}}],"collection":[{"href":"https:\/\/krets.jagareforbundet.se\/folkarna\/wp-json\/wp\/v2\/posts"}],"about":[{"href":"https:\/\/krets.jagareforbundet.se\/folkarna\/wp-json\/wp\/v2\/types\/post"}],"author":[{"embeddable":true,"href":"https:\/\/krets.jagareforbundet.se\/folkarna\/wp-json\/wp\/v2\/users\/78"}],"replies":[{"embeddable":true,"href":"https:\/\/krets.jagareforbundet.se\/folkarna\/wp-json\/wp\/v2\/comments?post=4972"}],"version-history":[{"count":0,"href":"https:\/\/krets.jagareforbundet.se\/folkarna\/wp-json\/wp\/v2\/posts\/4972\/revisions"}],"wp:attachment":[{"href":"https:\/\/krets.jagareforbundet.se\/folkarna\/wp-json\/wp\/v2\/media?parent=4972"}],"wp:term":[{"taxonomy":"category","embeddable":true,"href":"https:\/\/krets.jagareforbundet.se\/folkarna\/wp-json\/wp\/v2\/categories?post=4972"},{"taxonomy":"post_tag","embeddable":true,"href":"https:\/\/krets.jagareforbundet.se\/folkarna\/wp-json\/wp\/v2\/tags?post=4972"}],"curies":[{"name":"wp","href":"https:\/\/api.w.org\/{rel}","templated":true}]}}