{"id":5049,"date":"2015-01-19T10:41:54","date_gmt":"2015-01-19T09:41:54","guid":{"rendered":"https:\/\/krets.jagareforbundet.se\/folkarna\/?p=5049"},"modified":"2015-01-19T10:42:04","modified_gmt":"2015-01-19T09:42:04","slug":"ej-jagare","status":"publish","type":"post","link":"https:\/\/krets.jagareforbundet.se\/folkarna\/2015\/01\/19\/ej-jagare\/","title":{"rendered":"Ej J\u00e4gare"},"content":{"rendered":"<p>En avart av j\u00e4gare, ej att betrakta som riktiga j\u00e4gare, \u00e4r de som inte rapporterar rovdjur av en jargongm\u00e4ssig anledning, som de sedan troligen rapporterar till de ynkryggar som sprider tjuvjaktssken kring sig. Kan de jaktlag som hyser dessa, lita p\u00e5 att dess gemensamma tillg\u00e5ng p\u00e5 vilt inte ocks\u00e5 f\u00f6rsvinner, p\u00e5 n\u00e5got s\u00e4tt, rensa ut era jaktlag fr\u00e5n dessa, tag ist\u00e4llet in unga riktiga j\u00e4gare.<\/p>\n<p>St\u00e4ller j\u00e4gare inte upp p\u00e5 inventeringar \u00e4r det ofta s\u00e5 att de anger som sk\u00e4l gamla of\u00f6rr\u00e4tter men till mottagarna av jargong s\u00e4ger de n\u00e5got annat. Att vi inte duger som f\u00e4ltarbetare hos LST \u00e4r v\u00e4l inget sk\u00e4l, det \u00e4r v\u00e4l bara att s\u00f6ka, ingen har v\u00e4l inte antagits f\u00f6r att de \u00e4r j\u00e4gare.<\/p>\n<p>Att dessa sedan p\u00e5verkar hela kretsar \u00e4r bevis p\u00e5 att avarterna lyckats styra, som i politiken, har minoriteterna de st\u00f6rsta k\u00e4ftarna.<\/p>\n<p><em>\u00c4lgen<\/em><\/p>\n","protected":false},"excerpt":{"rendered":"<p>En avart av j\u00e4gare, ej att betrakta som riktiga j\u00e4gare, \u00e4r de som inte rapporterar rovdjur av en jargongm\u00e4ssig anledning, som de sedan troligen rapporterar till de ynkryggar som sprider tjuvjaktssken kring sig. Kan de jaktlag som hyser dessa, lita p\u00e5 att dess gemensamma tillg\u00e5ng p\u00e5 vilt inte ocks\u00e5 f\u00f6rsvinner, p\u00e5 n\u00e5got s\u00e4tt, rensa ut [&hellip;]<\/p>\n","protected":false},"author":78,"featured_media":0,"comment_status":"open","ping_status":"open","sticky":false,"template":"","format":"standard","meta":{"footnotes":""},"categories":[1,15],"tags":[],"class_list":["post-5049","post","type-post","status-publish","format-standard","hentry","category-okategoriserade","category-rovdjur"],"jetpack_featured_media_url":"","_links":{"self":[{"href":"https:\/\/krets.jagareforbundet.se\/folkarna\/wp-json\/wp\/v2\/posts\/5049","targetHints":{"allow":["GET"]}}],"collection":[{"href":"https:\/\/krets.jagareforbundet.se\/folkarna\/wp-json\/wp\/v2\/posts"}],"about":[{"href":"https:\/\/krets.jagareforbundet.se\/folkarna\/wp-json\/wp\/v2\/types\/post"}],"author":[{"embeddable":true,"href":"https:\/\/krets.jagareforbundet.se\/folkarna\/wp-json\/wp\/v2\/users\/78"}],"replies":[{"embeddable":true,"href":"https:\/\/krets.jagareforbundet.se\/folkarna\/wp-json\/wp\/v2\/comments?post=5049"}],"version-history":[{"count":0,"href":"https:\/\/krets.jagareforbundet.se\/folkarna\/wp-json\/wp\/v2\/posts\/5049\/revisions"}],"wp:attachment":[{"href":"https:\/\/krets.jagareforbundet.se\/folkarna\/wp-json\/wp\/v2\/media?parent=5049"}],"wp:term":[{"taxonomy":"category","embeddable":true,"href":"https:\/\/krets.jagareforbundet.se\/folkarna\/wp-json\/wp\/v2\/categories?post=5049"},{"taxonomy":"post_tag","embeddable":true,"href":"https:\/\/krets.jagareforbundet.se\/folkarna\/wp-json\/wp\/v2\/tags?post=5049"}],"curies":[{"name":"wp","href":"https:\/\/api.w.org\/{rel}","templated":true}]}}