{"id":5103,"date":"2015-03-17T22:30:39","date_gmt":"2015-03-17T21:30:39","guid":{"rendered":"https:\/\/krets.jagareforbundet.se\/folkarna\/?p=5103"},"modified":"2015-03-17T22:36:23","modified_gmt":"2015-03-17T21:36:23","slug":"nu-mobilanpassad-hemsida","status":"publish","type":"post","link":"https:\/\/krets.jagareforbundet.se\/folkarna\/2015\/03\/17\/nu-mobilanpassad-hemsida\/","title":{"rendered":"Nu mobilanpassad hemsida"},"content":{"rendered":"<h2>Nu \u00e4r er kretshemsida mobilanpassad<\/h2>\n<p>Nu har vi lanserat mobilanpassningen av er webbplats.<br \/>\nHittar ni n\u00e5gra fel s\u00e5 f\u00f6rs\u00f6k f\u00f6rst att ladda om sidan, l\u00f6ser inte det problemet kontakta Vildmarksdata genom att maila till\u00a0<a href=\"mailto:support@vildmarksdata.se\">support@vildmarksdata.se<\/a>.<\/p>\n<p>Menyn i mobilen f\u00e5r du upp genom att klicka p\u00e5 de tre strecken l\u00e4ngst upp till v\u00e4nster.<\/p>\n<p>Med v\u00e4nlig h\u00e4lsning,<br \/>\nWebbredaktionen Svenska J\u00e4garef\u00f6rbundet och Vildmarksdata AB<\/p>\n","protected":false},"excerpt":{"rendered":"<p>Nu \u00e4r er kretshemsida mobilanpassad Nu har vi lanserat mobilanpassningen av er webbplats. Hittar ni n\u00e5gra fel s\u00e5 f\u00f6rs\u00f6k f\u00f6rst att ladda om sidan, l\u00f6ser inte det problemet kontakta Vildmarksdata genom att maila till\u00a0support@vildmarksdata.se. Menyn i mobilen f\u00e5r du upp genom att klicka p\u00e5 de tre strecken l\u00e4ngst upp till v\u00e4nster. Med v\u00e4nlig h\u00e4lsning, Webbredaktionen [&hellip;]<\/p>\n","protected":false},"author":78,"featured_media":0,"comment_status":"open","ping_status":"open","sticky":false,"template":"","format":"standard","meta":{"footnotes":""},"categories":[52],"tags":[],"class_list":["post-5103","post","type-post","status-publish","format-standard","hentry","category-hemsidan"],"jetpack_featured_media_url":"","_links":{"self":[{"href":"https:\/\/krets.jagareforbundet.se\/folkarna\/wp-json\/wp\/v2\/posts\/5103","targetHints":{"allow":["GET"]}}],"collection":[{"href":"https:\/\/krets.jagareforbundet.se\/folkarna\/wp-json\/wp\/v2\/posts"}],"about":[{"href":"https:\/\/krets.jagareforbundet.se\/folkarna\/wp-json\/wp\/v2\/types\/post"}],"author":[{"embeddable":true,"href":"https:\/\/krets.jagareforbundet.se\/folkarna\/wp-json\/wp\/v2\/users\/78"}],"replies":[{"embeddable":true,"href":"https:\/\/krets.jagareforbundet.se\/folkarna\/wp-json\/wp\/v2\/comments?post=5103"}],"version-history":[{"count":0,"href":"https:\/\/krets.jagareforbundet.se\/folkarna\/wp-json\/wp\/v2\/posts\/5103\/revisions"}],"wp:attachment":[{"href":"https:\/\/krets.jagareforbundet.se\/folkarna\/wp-json\/wp\/v2\/media?parent=5103"}],"wp:term":[{"taxonomy":"category","embeddable":true,"href":"https:\/\/krets.jagareforbundet.se\/folkarna\/wp-json\/wp\/v2\/categories?post=5103"},{"taxonomy":"post_tag","embeddable":true,"href":"https:\/\/krets.jagareforbundet.se\/folkarna\/wp-json\/wp\/v2\/tags?post=5103"}],"curies":[{"name":"wp","href":"https:\/\/api.w.org\/{rel}","templated":true}]}}