{"id":5156,"date":"2015-04-12T10:45:00","date_gmt":"2015-04-12T08:45:00","guid":{"rendered":"https:\/\/krets.jagareforbundet.se\/folkarna\/?p=5156"},"modified":"2015-04-12T10:45:42","modified_gmt":"2015-04-12T08:45:42","slug":"lansstyrelsen-gor-fel","status":"publish","type":"post","link":"https:\/\/krets.jagareforbundet.se\/folkarna\/2015\/04\/12\/lansstyrelsen-gor-fel\/","title":{"rendered":"L\u00e4nsstyrelsen g\u00f6r fel !"},"content":{"rendered":"<p>Slarv med rapportering kan ge b\u00f6ter &#8211; Svensk Jakt.<\/p>\n<div id=\"pageWrap\" class=\"equal\">\n<div id=\"pageWrapInner\" class=\"clearfix\">\n<div id=\"pageContent\">\n<div id=\"innerContent\" class=\"clearfix\">\n<form id=\"Form1\" action=\"\" method=\"post\">\n<div class=\"mainCol\">\n<div class=\"article\">\n<div>\n<p>\u2013 Vid utebliven rapportering kan l\u00e4nsstyrelsen begr\u00e4nsa tilldelningen till n\u00e4sta jakt. Dessutom \u00e4r det ett brott mot jaktlagstiftningen att inte rapportera och p\u00e5f\u00f6ljden \u00e4r b\u00f6ter, konstaterar Christer Pettersson vid Naturv\u00e5rdsverket.<br \/>\nDet \u00e4r jaktf\u00f6rordningens femte paragraf som reglerar att man senast tv\u00e5 veckor efter jaktens avslut ska rapportera in antalet skjutna \u00e4lgar och dessutom betala in en avgift f\u00f6r varje \u00e4lg.<\/p>\n<\/div>\n<\/div>\n<\/div>\n<\/form>\n<\/div>\n<\/div>\n<\/div>\n<\/div>\n","protected":false},"excerpt":{"rendered":"<p>Slarv med rapportering kan ge b\u00f6ter &#8211; Svensk Jakt. \u2013 Vid utebliven rapportering kan l\u00e4nsstyrelsen begr\u00e4nsa tilldelningen till n\u00e4sta jakt. Dessutom \u00e4r det ett brott mot jaktlagstiftningen att inte rapportera och p\u00e5f\u00f6ljden \u00e4r b\u00f6ter, konstaterar Christer Pettersson vid Naturv\u00e5rdsverket. Det \u00e4r jaktf\u00f6rordningens femte paragraf som reglerar att man senast tv\u00e5 veckor efter jaktens avslut ska [&hellip;]<\/p>\n","protected":false},"author":78,"featured_media":0,"comment_status":"open","ping_status":"open","sticky":false,"template":"","format":"standard","meta":{"footnotes":""},"categories":[16,21],"tags":[],"class_list":["post-5156","post","type-post","status-publish","format-standard","hentry","category-alg-2","category-jaktlagen"],"jetpack_featured_media_url":"","_links":{"self":[{"href":"https:\/\/krets.jagareforbundet.se\/folkarna\/wp-json\/wp\/v2\/posts\/5156","targetHints":{"allow":["GET"]}}],"collection":[{"href":"https:\/\/krets.jagareforbundet.se\/folkarna\/wp-json\/wp\/v2\/posts"}],"about":[{"href":"https:\/\/krets.jagareforbundet.se\/folkarna\/wp-json\/wp\/v2\/types\/post"}],"author":[{"embeddable":true,"href":"https:\/\/krets.jagareforbundet.se\/folkarna\/wp-json\/wp\/v2\/users\/78"}],"replies":[{"embeddable":true,"href":"https:\/\/krets.jagareforbundet.se\/folkarna\/wp-json\/wp\/v2\/comments?post=5156"}],"version-history":[{"count":0,"href":"https:\/\/krets.jagareforbundet.se\/folkarna\/wp-json\/wp\/v2\/posts\/5156\/revisions"}],"wp:attachment":[{"href":"https:\/\/krets.jagareforbundet.se\/folkarna\/wp-json\/wp\/v2\/media?parent=5156"}],"wp:term":[{"taxonomy":"category","embeddable":true,"href":"https:\/\/krets.jagareforbundet.se\/folkarna\/wp-json\/wp\/v2\/categories?post=5156"},{"taxonomy":"post_tag","embeddable":true,"href":"https:\/\/krets.jagareforbundet.se\/folkarna\/wp-json\/wp\/v2\/tags?post=5156"}],"curies":[{"name":"wp","href":"https:\/\/api.w.org\/{rel}","templated":true}]}}