{"id":5368,"date":"2015-09-28T23:45:23","date_gmt":"2015-09-28T21:45:23","guid":{"rendered":"https:\/\/krets.jagareforbundet.se\/folkarna\/?p=5368"},"modified":"2015-09-28T23:45:23","modified_gmt":"2015-09-28T21:45:23","slug":"skyddsvast-for-hund","status":"publish","type":"post","link":"https:\/\/krets.jagareforbundet.se\/folkarna\/2015\/09\/28\/skyddsvast-for-hund\/","title":{"rendered":"Skyddsv\u00e4st f\u00f6r hund"},"content":{"rendered":"<p>Fakta<\/p>\n<div id=\"pageWrap\" class=\"equal\">\n<div id=\"pageWrapInner\" class=\"clearfix\">\n<div id=\"pageContent\">\n<div id=\"innerContent\" class=\"clearfix\">\n<form id=\"Form1\" action=\"\" method=\"post\">\n<div class=\"mainCol\">\n<div class=\"aside\">\n<div id=\"ctl00_FullRegion_MainRegion_PhExtraInfo\" class=\"info\">\n<div>\n<p>Det finns \u00e4nnu inget dokumenterat fall i Sverige d\u00e4r en hund med skyddsv\u00e4st angripits av varg.<\/p>\n<\/div>\n<\/div>\n<\/div>\n<\/div>\n<\/form>\n<\/div>\n<\/div>\n<\/div>\n<\/div>\n","protected":false},"excerpt":{"rendered":"<p>Fakta Det finns \u00e4nnu inget dokumenterat fall i Sverige d\u00e4r en hund med skyddsv\u00e4st angripits av varg.<\/p>\n","protected":false},"author":78,"featured_media":0,"comment_status":"open","ping_status":"open","sticky":false,"template":"","format":"standard","meta":{"footnotes":""},"categories":[49],"tags":[],"class_list":["post-5368","post","type-post","status-publish","format-standard","hentry","category-hund"],"jetpack_featured_media_url":"","_links":{"self":[{"href":"https:\/\/krets.jagareforbundet.se\/folkarna\/wp-json\/wp\/v2\/posts\/5368","targetHints":{"allow":["GET"]}}],"collection":[{"href":"https:\/\/krets.jagareforbundet.se\/folkarna\/wp-json\/wp\/v2\/posts"}],"about":[{"href":"https:\/\/krets.jagareforbundet.se\/folkarna\/wp-json\/wp\/v2\/types\/post"}],"author":[{"embeddable":true,"href":"https:\/\/krets.jagareforbundet.se\/folkarna\/wp-json\/wp\/v2\/users\/78"}],"replies":[{"embeddable":true,"href":"https:\/\/krets.jagareforbundet.se\/folkarna\/wp-json\/wp\/v2\/comments?post=5368"}],"version-history":[{"count":0,"href":"https:\/\/krets.jagareforbundet.se\/folkarna\/wp-json\/wp\/v2\/posts\/5368\/revisions"}],"wp:attachment":[{"href":"https:\/\/krets.jagareforbundet.se\/folkarna\/wp-json\/wp\/v2\/media?parent=5368"}],"wp:term":[{"taxonomy":"category","embeddable":true,"href":"https:\/\/krets.jagareforbundet.se\/folkarna\/wp-json\/wp\/v2\/categories?post=5368"},{"taxonomy":"post_tag","embeddable":true,"href":"https:\/\/krets.jagareforbundet.se\/folkarna\/wp-json\/wp\/v2\/tags?post=5368"}],"curies":[{"name":"wp","href":"https:\/\/api.w.org\/{rel}","templated":true}]}}