{"id":5441,"date":"2015-12-03T09:47:44","date_gmt":"2015-12-03T08:47:44","guid":{"rendered":"https:\/\/krets.jagareforbundet.se\/folkarna\/?p=5441"},"modified":"2015-12-03T09:47:44","modified_gmt":"2015-12-03T08:47:44","slug":"kulsprutor","status":"publish","type":"post","link":"https:\/\/krets.jagareforbundet.se\/folkarna\/2015\/12\/03\/kulsprutor\/","title":{"rendered":"Kulsprutor"},"content":{"rendered":"<p>Man kan inte bortse fr\u00e5n m\u00f6jligheten att den avart av j\u00e4gare som \u00f6nskar att kulspruteliknande automatvapen skall klassas som jaktvapen, i n\u00e5gon m\u00e5n indirekt, p\u00e5verkat den nu uppblossande debatten om j\u00e4garnas vapen.<\/p>\n<p><span style=\"color: #993300\"><em>\u00c4lgen<\/em><\/span><\/p>\n","protected":false},"excerpt":{"rendered":"<p>Man kan inte bortse fr\u00e5n m\u00f6jligheten att den avart av j\u00e4gare som \u00f6nskar att kulspruteliknande automatvapen skall klassas som jaktvapen, i n\u00e5gon m\u00e5n indirekt, p\u00e5verkat den nu uppblossande debatten om j\u00e4garnas vapen. \u00c4lgen<\/p>\n","protected":false},"author":78,"featured_media":0,"comment_status":"open","ping_status":"open","sticky":false,"template":"","format":"standard","meta":{"footnotes":""},"categories":[67,72],"tags":[],"class_list":["post-5441","post","type-post","status-publish","format-standard","hentry","category-skytte","category-vapen"],"jetpack_featured_media_url":"","_links":{"self":[{"href":"https:\/\/krets.jagareforbundet.se\/folkarna\/wp-json\/wp\/v2\/posts\/5441","targetHints":{"allow":["GET"]}}],"collection":[{"href":"https:\/\/krets.jagareforbundet.se\/folkarna\/wp-json\/wp\/v2\/posts"}],"about":[{"href":"https:\/\/krets.jagareforbundet.se\/folkarna\/wp-json\/wp\/v2\/types\/post"}],"author":[{"embeddable":true,"href":"https:\/\/krets.jagareforbundet.se\/folkarna\/wp-json\/wp\/v2\/users\/78"}],"replies":[{"embeddable":true,"href":"https:\/\/krets.jagareforbundet.se\/folkarna\/wp-json\/wp\/v2\/comments?post=5441"}],"version-history":[{"count":0,"href":"https:\/\/krets.jagareforbundet.se\/folkarna\/wp-json\/wp\/v2\/posts\/5441\/revisions"}],"wp:attachment":[{"href":"https:\/\/krets.jagareforbundet.se\/folkarna\/wp-json\/wp\/v2\/media?parent=5441"}],"wp:term":[{"taxonomy":"category","embeddable":true,"href":"https:\/\/krets.jagareforbundet.se\/folkarna\/wp-json\/wp\/v2\/categories?post=5441"},{"taxonomy":"post_tag","embeddable":true,"href":"https:\/\/krets.jagareforbundet.se\/folkarna\/wp-json\/wp\/v2\/tags?post=5441"}],"curies":[{"name":"wp","href":"https:\/\/api.w.org\/{rel}","templated":true}]}}