{"id":5442,"date":"2015-12-03T09:56:53","date_gmt":"2015-12-03T08:56:53","guid":{"rendered":"https:\/\/krets.jagareforbundet.se\/folkarna\/?p=5442"},"modified":"2015-12-03T09:56:54","modified_gmt":"2015-12-03T08:56:54","slug":"kalvjakt","status":"publish","type":"post","link":"https:\/\/krets.jagareforbundet.se\/folkarna\/2015\/12\/03\/kalvjakt\/","title":{"rendered":"Kalvjakt"},"content":{"rendered":"<p>Tror att \u00e4lgjakten skulle m\u00e5 v\u00e4l av f\u00f6ljande t\u00e4nk.<\/p>\n<p>\u00c4lgar och h\u00e4star fyller \u00e5r p\u00e5 ny\u00e5r. Allts\u00e5 \u00e4r avkommorna kalvar och f\u00f6l till ny\u00e5r, d\u00e4refter fjolingar eller ett\u00e5ringar.<\/p>\n<p>Allts\u00e5 skall alla efter ny\u00e5r f\u00e4llda \u00e4lgar r\u00e4knas som vuxna till respektive k\u00f6n.<\/p>\n<p><span style=\"color: #993300\"><em>\u00c4lgen<\/em><\/span><\/p>\n","protected":false},"excerpt":{"rendered":"<p>Tror att \u00e4lgjakten skulle m\u00e5 v\u00e4l av f\u00f6ljande t\u00e4nk. \u00c4lgar och h\u00e4star fyller \u00e5r p\u00e5 ny\u00e5r. Allts\u00e5 \u00e4r avkommorna kalvar och f\u00f6l till ny\u00e5r, d\u00e4refter fjolingar eller ett\u00e5ringar. Allts\u00e5 skall alla efter ny\u00e5r f\u00e4llda \u00e4lgar r\u00e4knas som vuxna till respektive k\u00f6n. \u00c4lgen<\/p>\n","protected":false},"author":78,"featured_media":0,"comment_status":"open","ping_status":"open","sticky":false,"template":"","format":"standard","meta":{"footnotes":""},"categories":[16],"tags":[],"class_list":["post-5442","post","type-post","status-publish","format-standard","hentry","category-alg-2"],"jetpack_featured_media_url":"","_links":{"self":[{"href":"https:\/\/krets.jagareforbundet.se\/folkarna\/wp-json\/wp\/v2\/posts\/5442","targetHints":{"allow":["GET"]}}],"collection":[{"href":"https:\/\/krets.jagareforbundet.se\/folkarna\/wp-json\/wp\/v2\/posts"}],"about":[{"href":"https:\/\/krets.jagareforbundet.se\/folkarna\/wp-json\/wp\/v2\/types\/post"}],"author":[{"embeddable":true,"href":"https:\/\/krets.jagareforbundet.se\/folkarna\/wp-json\/wp\/v2\/users\/78"}],"replies":[{"embeddable":true,"href":"https:\/\/krets.jagareforbundet.se\/folkarna\/wp-json\/wp\/v2\/comments?post=5442"}],"version-history":[{"count":0,"href":"https:\/\/krets.jagareforbundet.se\/folkarna\/wp-json\/wp\/v2\/posts\/5442\/revisions"}],"wp:attachment":[{"href":"https:\/\/krets.jagareforbundet.se\/folkarna\/wp-json\/wp\/v2\/media?parent=5442"}],"wp:term":[{"taxonomy":"category","embeddable":true,"href":"https:\/\/krets.jagareforbundet.se\/folkarna\/wp-json\/wp\/v2\/categories?post=5442"},{"taxonomy":"post_tag","embeddable":true,"href":"https:\/\/krets.jagareforbundet.se\/folkarna\/wp-json\/wp\/v2\/tags?post=5442"}],"curies":[{"name":"wp","href":"https:\/\/api.w.org\/{rel}","templated":true}]}}