{"id":5465,"date":"2015-12-16T11:00:38","date_gmt":"2015-12-16T10:00:38","guid":{"rendered":"https:\/\/krets.jagareforbundet.se\/folkarna\/?p=5465"},"modified":"2015-12-16T11:07:38","modified_gmt":"2015-12-16T10:07:38","slug":"logotyper-fjvk","status":"publish","type":"post","link":"https:\/\/krets.jagareforbundet.se\/folkarna\/2015\/12\/16\/logotyper-fjvk\/","title":{"rendered":"Logotyper FJVK"},"content":{"rendered":"<p>Nya Logotyper till J\u00e4garef\u00f6rbundet Folk\u00e4rna, kretsen och jaktlag som \u00e4r medlemmar i SJF<\/p>\n<form id=\"form2\" action=\"\/om\/press\/logotype1\/logotype-lan-och-kretsar\/dalarna\/folkarna\/\" method=\"post\">\n<div id=\"pageWrap\">\n<div id=\"content\" class=\"clearfix\">\n<div id=\"fullCol\">\n<div id=\"mainCol\">\n<div class=\"content clearfix\">\n<div class=\"pageContent clearfix\">\n<p class=\"intro\">Folk\u00e4rna &#8211; Svenska J\u00e4garef\u00f6rbundet<\/p>\n<div id=\"pageWrap\">\n<div id=\"content\" class=\"clearfix\">\n<div id=\"fullCol\">\n<div id=\"mainCol\">\n<div class=\"content clearfix\">\n<div class=\"pageContent clearfix\">\n<ul>\n<li><a href=\"http:\/\/jagareforbundet.se\/Global\/Logotyper\/Dalarna\/Krets_Folkarna\/SJF_Folkarna.jpg\">SJF \u00a0Folk\u00e4rna jpg<\/a><\/li>\n<li><a href=\"http:\/\/jagareforbundet.se\/Global\/Logotyper\/Dalarna\/Krets_Folkarna\/SJF_Folkarna.pdf\" target=\"_blank\">SJF_Folk\u00e4rna.pdf<\/a><\/li>\n<li><a href=\"http:\/\/jagareforbundet.se\/Global\/Logotyper\/Dalarna\/Krets_Folkarna\/SJF_GRON_Folkarna.jpg\">SJF \u00a0Gr\u00f6n Folk\u00e4rna jpg<\/a><\/li>\n<li><a href=\"http:\/\/jagareforbundet.se\/Global\/Logotyper\/Dalarna\/Krets_Folkarna\/SJF_GRON_Folkarna.pdf\" target=\"_blank\">SJF_Gr\u00f6n\u00a0Folk\u00e4rna.pdf<\/a><\/li>\n<\/ul>\n<\/div>\n<\/div>\n<\/div>\n<\/div>\n<\/div>\n<\/div>\n<\/div>\n<\/div>\n<\/div>\n<\/div>\n<\/div>\n<\/div>\n<\/form>\n","protected":false},"excerpt":{"rendered":"<p>Nya Logotyper till J\u00e4garef\u00f6rbundet Folk\u00e4rna, kretsen och jaktlag som \u00e4r medlemmar i SJF Folk\u00e4rna &#8211; Svenska J\u00e4garef\u00f6rbundet SJF \u00a0Folk\u00e4rna jpg SJF_Folk\u00e4rna.pdf SJF \u00a0Gr\u00f6n Folk\u00e4rna jpg SJF_Gr\u00f6n\u00a0Folk\u00e4rna.pdf<\/p>\n","protected":false},"author":78,"featured_media":0,"comment_status":"open","ping_status":"open","sticky":false,"template":"","format":"standard","meta":{"footnotes":""},"categories":[20],"tags":[],"class_list":["post-5465","post","type-post","status-publish","format-standard","hentry","category-kretsen"],"jetpack_featured_media_url":"","_links":{"self":[{"href":"https:\/\/krets.jagareforbundet.se\/folkarna\/wp-json\/wp\/v2\/posts\/5465","targetHints":{"allow":["GET"]}}],"collection":[{"href":"https:\/\/krets.jagareforbundet.se\/folkarna\/wp-json\/wp\/v2\/posts"}],"about":[{"href":"https:\/\/krets.jagareforbundet.se\/folkarna\/wp-json\/wp\/v2\/types\/post"}],"author":[{"embeddable":true,"href":"https:\/\/krets.jagareforbundet.se\/folkarna\/wp-json\/wp\/v2\/users\/78"}],"replies":[{"embeddable":true,"href":"https:\/\/krets.jagareforbundet.se\/folkarna\/wp-json\/wp\/v2\/comments?post=5465"}],"version-history":[{"count":1,"href":"https:\/\/krets.jagareforbundet.se\/folkarna\/wp-json\/wp\/v2\/posts\/5465\/revisions"}],"predecessor-version":[{"id":5467,"href":"https:\/\/krets.jagareforbundet.se\/folkarna\/wp-json\/wp\/v2\/posts\/5465\/revisions\/5467"}],"wp:attachment":[{"href":"https:\/\/krets.jagareforbundet.se\/folkarna\/wp-json\/wp\/v2\/media?parent=5465"}],"wp:term":[{"taxonomy":"category","embeddable":true,"href":"https:\/\/krets.jagareforbundet.se\/folkarna\/wp-json\/wp\/v2\/categories?post=5465"},{"taxonomy":"post_tag","embeddable":true,"href":"https:\/\/krets.jagareforbundet.se\/folkarna\/wp-json\/wp\/v2\/tags?post=5465"}],"curies":[{"name":"wp","href":"https:\/\/api.w.org\/{rel}","templated":true}]}}