{"id":5527,"date":"2016-02-10T14:15:21","date_gmt":"2016-02-10T13:15:21","guid":{"rendered":"https:\/\/krets.jagareforbundet.se\/folkarna\/?p=5527"},"modified":"2016-02-10T14:19:46","modified_gmt":"2016-02-10T13:19:46","slug":"remissvar-till-regeringen","status":"publish","type":"post","link":"https:\/\/krets.jagareforbundet.se\/folkarna\/2016\/02\/10\/remissvar-till-regeringen\/","title":{"rendered":"Remissvar till Regeringen"},"content":{"rendered":"<p>SJF har nu l\u00e4mnat sitt svar d\u00e4r vi bidragit med\u00a0v\u00e5r inst\u00e4llning.<\/p>\n<p>Det kan klart ses att v\u00e5r inst\u00e4llning att ett nytt verk endast f\u00f6r jakt skulle skapas och ers\u00e4tta naturv\u00e5rdsverket inte togs upp i remissvaret.<\/p>\n<p>Och\u00a0man tordes ej p\u00e5peka fullt ut att det \u00e4r j\u00e4garna och de jagande mark\u00e4garna\u00a0som betalar hela kostnaden f\u00f6r viltf\u00f6rvaltningen, f\u00f6r det \u00e4r v\u00e4l j\u00e4garna som betalar mark\u00e4garna f\u00f6r dess kostnader, inte f\u00f6r dess inkomst.<\/p>\n<p>Man gjorde ocks\u00e5 n\u00e5gra lite tafatta f\u00f6rs\u00f6k att f\u00e5 bort begreppet som att &#8221;enligt jaktlagen \u00e4r alla djur \u00e4r fredade&#8221;<\/p>\n<p>N\u00e5got som ej \u00e4r bra \u00e4r att alla\u00a0mark\u00e4gare skall st\u00e5 f\u00f6r skador p\u00e5 sin mark, i st\u00e4llet borde pengar fonderas och ers\u00e4ttning utg\u00e5 efter skadad areal. Nu drabbas mindre \u00e4gare h\u00e5rt och tvingas bidra till on\u00f6diga anpassningar av tx. \u00e4lgtilldelningar i allt st\u00f6rre tilldelningsomr\u00e5den (\u00c4SO)<\/p>\n<p>Klicka h\u00e4r om du vill l\u00e4sa det 8 sidiga dokumentet. \u00a0 \u00a0<a href=\"https:\/\/krets.jagareforbundet.se\/folkarna\/files\/2016\/02\/sjf-remisssvar-2016-01-31.pdf\" class=\"woo-sc-button  silver large\" ><span class=\"woo-\">Klicka H\u00e4r !<\/span><\/a><\/p>\n","protected":false},"excerpt":{"rendered":"<p>SJF har nu l\u00e4mnat sitt svar d\u00e4r vi bidragit med\u00a0v\u00e5r inst\u00e4llning. Det kan klart ses att v\u00e5r inst\u00e4llning att ett nytt verk endast f\u00f6r jakt skulle skapas och ers\u00e4tta naturv\u00e5rdsverket inte togs upp i remissvaret. Och\u00a0man tordes ej p\u00e5peka fullt ut att det \u00e4r j\u00e4garna och de jagande mark\u00e4garna\u00a0som betalar hela kostnaden f\u00f6r viltf\u00f6rvaltningen, f\u00f6r [&hellip;]<\/p>\n","protected":false},"author":78,"featured_media":0,"comment_status":"open","ping_status":"open","sticky":false,"template":"","format":"standard","meta":{"footnotes":""},"categories":[1],"tags":[],"class_list":["post-5527","post","type-post","status-publish","format-standard","hentry","category-okategoriserade"],"jetpack_featured_media_url":"","_links":{"self":[{"href":"https:\/\/krets.jagareforbundet.se\/folkarna\/wp-json\/wp\/v2\/posts\/5527","targetHints":{"allow":["GET"]}}],"collection":[{"href":"https:\/\/krets.jagareforbundet.se\/folkarna\/wp-json\/wp\/v2\/posts"}],"about":[{"href":"https:\/\/krets.jagareforbundet.se\/folkarna\/wp-json\/wp\/v2\/types\/post"}],"author":[{"embeddable":true,"href":"https:\/\/krets.jagareforbundet.se\/folkarna\/wp-json\/wp\/v2\/users\/78"}],"replies":[{"embeddable":true,"href":"https:\/\/krets.jagareforbundet.se\/folkarna\/wp-json\/wp\/v2\/comments?post=5527"}],"version-history":[{"count":1,"href":"https:\/\/krets.jagareforbundet.se\/folkarna\/wp-json\/wp\/v2\/posts\/5527\/revisions"}],"predecessor-version":[{"id":5529,"href":"https:\/\/krets.jagareforbundet.se\/folkarna\/wp-json\/wp\/v2\/posts\/5527\/revisions\/5529"}],"wp:attachment":[{"href":"https:\/\/krets.jagareforbundet.se\/folkarna\/wp-json\/wp\/v2\/media?parent=5527"}],"wp:term":[{"taxonomy":"category","embeddable":true,"href":"https:\/\/krets.jagareforbundet.se\/folkarna\/wp-json\/wp\/v2\/categories?post=5527"},{"taxonomy":"post_tag","embeddable":true,"href":"https:\/\/krets.jagareforbundet.se\/folkarna\/wp-json\/wp\/v2\/tags?post=5527"}],"curies":[{"name":"wp","href":"https:\/\/api.w.org\/{rel}","templated":true}]}}