{"id":5559,"date":"2016-03-17T08:21:32","date_gmt":"2016-03-17T07:21:32","guid":{"rendered":"https:\/\/krets.jagareforbundet.se\/folkarna\/?p=5559"},"modified":"2016-03-17T08:21:53","modified_gmt":"2016-03-17T07:21:53","slug":"berorda-maste-fa-vara-med-och-besluta","status":"publish","type":"post","link":"https:\/\/krets.jagareforbundet.se\/folkarna\/2016\/03\/17\/berorda-maste-fa-vara-med-och-besluta\/","title":{"rendered":"&#8221;Ber\u00f6rda m\u00e5ste f\u00e5 vara med och besluta&#8221;"},"content":{"rendered":"<p>J\u00e4garef\u00f6rbundet om vargplanen: &#8221;Ber\u00f6rda m\u00e5ste f\u00e5 vara med och besluta&#8221;<\/p>\n<form id=\"form2\" action=\"\/aktuellt\/forbundsnyheter\/2016\/03\/forbundet-om-naturvardsverkets-vargplan-berorda-manniskor-maste-far-vara-med-och-besluta\/\" method=\"post\">\n<div id=\"pageWrap\">\n<div class=\"clearfix\" id=\"content\">\n<div id=\"fullCol\">\n<div id=\"largeCol\">\n<div class=\"content clearfix\">\n<div class=\"leftCol leftColLarge newsList\">\n<div class=\"newsItem newsItemFull newsItemLargeLast\">\n<p class=\"intro\">&#8211; Vill Naturv\u00e5rdsverket ha en genetisk f\u00f6rst\u00e4rkning m\u00e5ste \u00e5tg\u00e4rderna f\u00f6r detta beslutas regionalt och m\u00e4nniskor som ber\u00f6rs m\u00e5ste vara delaktiga i ett s\u00e5dant beslut.<br \/>\nDet s\u00e4ger Torbj\u00f6rn L\u00f6vbom, ordf\u00f6rande i J\u00e4garef\u00f6rbundets rovdjursr\u00e5d, efter ett f\u00f6rslag som Naturv\u00e5rdsverket nu skickat ut p\u00e5 remiss d\u00e4r man skapat en fem\u00e5rig plan f\u00f6r genetisk f\u00f6rst\u00e4rkning av den svenska vargstammen.<\/p>\n<p class=\"date\">2016-03-16<\/p>\n<div>\n<p>Planen beskriver bland annat vargstammen som en genetiskt katastrof.<\/p>\n<p>Verket upplever ocks\u00e5 stora problem med de verktyg man nu har n\u00e4r det g\u00e4ller flytt och uts\u00e4ttning av vargar och ger ocks\u00e5 f\u00f6rslag p\u00e5 hur man ska f\u00e5 ordning p\u00e5 detta.<\/p>\n<p>Om m\u00e5len med den genetiska f\u00f6rst\u00e4rkningen inte uppn\u00e5tts 2017 tycker Naturv\u00e5rdsverket att sekretessreglerna ska \u00e4ndras och att kravet p\u00e5 medgivande fr\u00e5n jaktr\u00e4ttsinnehavare f\u00f6r uts\u00e4ttning av vargvalpar ska tas bort.<\/p>\n<p>Verket menar i f\u00f6rslaget att om medgivande inte beh\u00f6vs s\u00e5 finns det m\u00f6jlighet till ett lyckat resultat av uts\u00e4ttningarna.<\/p>\n<p>&#8211; Det \u00e4r helt galet. Besluten av s\u00e5dana h\u00e4r \u00e5tg\u00e4rder ska fattas regionalt. M\u00e4nniskor som ber\u00f6rs m\u00e5ste vara delaktiga. Det kr\u00e4vs ocks\u00e5 att \u00e5tg\u00e4rderna \u00e4r oerh\u00f6rt v\u00e4lmotiverade och\u00a0 kraftfullt kompenserar de m\u00e4nniskor som drabbas. Naturv\u00e5rdsverkets resonemang att f\u00f6rst f\u00f6rst\u00e4rka genetiskt och sedan inf\u00f6ra jakt h\u00e5ller inte, s\u00e4ger Torbj\u00f6rn L\u00f6vbom.<\/p>\n<p><strong>Han tycker att en kompensations\u00e5tg\u00e4rd exempelvis skulle kunna handla om att genom jakt avl\u00e4gsna ett flertal revir i ett mycket vargt\u00e4tt omr\u00e5de om man \u00f6nskar s\u00e4tta ut en genetiskt viktig varg i ett annat.<\/strong><\/p>\n<p>L\u00f6vbom st\u00e4ller sig ocks\u00e5 fr\u00e5gande till Naturv\u00e5rdsverkets katastrofklassning av den svenska vargstammen och behovet av en genetisk f\u00f6rst\u00e4rkning i dagsl\u00e4get.<\/p>\n<p>&#8211; Vi har inte f\u00e5tt n\u00e5gra s\u00e5dana indikationer fr\u00e5n viltforskningen. Det finns dessutom idag ett antal invandrade vargar i Sverige som kan st\u00e5 f\u00f6r genetisk variation.<br \/>\nI en genetisk f\u00f6rst\u00e4rkning m\u00e5ste vi f\u00e5 ig\u00e5ng en fungerande f\u00f6rvaltning som naturligtvis \u00e4ven inkluderar jakt.<\/p>\n<p><strong>Madeleine Lewander<\/strong><\/p>\n<\/div>\n<\/div>\n<\/div>\n<\/div>\n<\/div>\n<\/div>\n<\/div>\n<\/div>\n<\/form>\n","protected":false},"excerpt":{"rendered":"<p>J\u00e4garef\u00f6rbundet om vargplanen: &#8221;Ber\u00f6rda m\u00e5ste f\u00e5 vara med och besluta&#8221; &#8211; Vill Naturv\u00e5rdsverket ha en genetisk f\u00f6rst\u00e4rkning m\u00e5ste \u00e5tg\u00e4rderna f\u00f6r detta beslutas regionalt och m\u00e4nniskor som ber\u00f6rs m\u00e5ste vara delaktiga i ett s\u00e5dant beslut. Det s\u00e4ger Torbj\u00f6rn L\u00f6vbom, ordf\u00f6rande i J\u00e4garef\u00f6rbundets rovdjursr\u00e5d, efter ett f\u00f6rslag som Naturv\u00e5rdsverket nu skickat ut p\u00e5 remiss d\u00e4r man skapat [&hellip;]<\/p>\n","protected":false},"author":78,"featured_media":0,"comment_status":"open","ping_status":"open","sticky":false,"template":"","format":"standard","meta":{"footnotes":""},"categories":[15],"tags":[],"class_list":["post-5559","post","type-post","status-publish","format-standard","hentry","category-rovdjur"],"jetpack_featured_media_url":"","_links":{"self":[{"href":"https:\/\/krets.jagareforbundet.se\/folkarna\/wp-json\/wp\/v2\/posts\/5559","targetHints":{"allow":["GET"]}}],"collection":[{"href":"https:\/\/krets.jagareforbundet.se\/folkarna\/wp-json\/wp\/v2\/posts"}],"about":[{"href":"https:\/\/krets.jagareforbundet.se\/folkarna\/wp-json\/wp\/v2\/types\/post"}],"author":[{"embeddable":true,"href":"https:\/\/krets.jagareforbundet.se\/folkarna\/wp-json\/wp\/v2\/users\/78"}],"replies":[{"embeddable":true,"href":"https:\/\/krets.jagareforbundet.se\/folkarna\/wp-json\/wp\/v2\/comments?post=5559"}],"version-history":[{"count":0,"href":"https:\/\/krets.jagareforbundet.se\/folkarna\/wp-json\/wp\/v2\/posts\/5559\/revisions"}],"wp:attachment":[{"href":"https:\/\/krets.jagareforbundet.se\/folkarna\/wp-json\/wp\/v2\/media?parent=5559"}],"wp:term":[{"taxonomy":"category","embeddable":true,"href":"https:\/\/krets.jagareforbundet.se\/folkarna\/wp-json\/wp\/v2\/categories?post=5559"},{"taxonomy":"post_tag","embeddable":true,"href":"https:\/\/krets.jagareforbundet.se\/folkarna\/wp-json\/wp\/v2\/tags?post=5559"}],"curies":[{"name":"wp","href":"https:\/\/api.w.org\/{rel}","templated":true}]}}