{"id":5596,"date":"2016-04-11T17:08:01","date_gmt":"2016-04-11T15:08:01","guid":{"rendered":"https:\/\/krets.jagareforbundet.se\/folkarna\/?p=5596"},"modified":"2016-04-11T17:08:01","modified_gmt":"2016-04-11T15:08:01","slug":"jaktmarker-fiskevatten","status":"publish","type":"post","link":"https:\/\/krets.jagareforbundet.se\/folkarna\/2016\/04\/11\/jaktmarker-fiskevatten\/","title":{"rendered":"Jaktmarker &amp; Fiskevatten"},"content":{"rendered":"<p>L\u00e4ste att LRF s\u00e5lt tidningen. Ja ha visste inte ens att dom \u00e4gt den&#8230;.<\/p>\n<p><span style=\"color: #800000\"><em>\u00c4lgen<\/em><\/span><\/p>\n","protected":false},"excerpt":{"rendered":"<p>L\u00e4ste att LRF s\u00e5lt tidningen. Ja ha visste inte ens att dom \u00e4gt den&#8230;. \u00c4lgen<\/p>\n","protected":false},"author":78,"featured_media":0,"comment_status":"open","ping_status":"open","sticky":false,"template":"","format":"standard","meta":{"footnotes":""},"categories":[18],"tags":[],"class_list":["post-5596","post","type-post","status-publish","format-standard","hentry","category-jakt-allmant"],"jetpack_featured_media_url":"","_links":{"self":[{"href":"https:\/\/krets.jagareforbundet.se\/folkarna\/wp-json\/wp\/v2\/posts\/5596","targetHints":{"allow":["GET"]}}],"collection":[{"href":"https:\/\/krets.jagareforbundet.se\/folkarna\/wp-json\/wp\/v2\/posts"}],"about":[{"href":"https:\/\/krets.jagareforbundet.se\/folkarna\/wp-json\/wp\/v2\/types\/post"}],"author":[{"embeddable":true,"href":"https:\/\/krets.jagareforbundet.se\/folkarna\/wp-json\/wp\/v2\/users\/78"}],"replies":[{"embeddable":true,"href":"https:\/\/krets.jagareforbundet.se\/folkarna\/wp-json\/wp\/v2\/comments?post=5596"}],"version-history":[{"count":0,"href":"https:\/\/krets.jagareforbundet.se\/folkarna\/wp-json\/wp\/v2\/posts\/5596\/revisions"}],"wp:attachment":[{"href":"https:\/\/krets.jagareforbundet.se\/folkarna\/wp-json\/wp\/v2\/media?parent=5596"}],"wp:term":[{"taxonomy":"category","embeddable":true,"href":"https:\/\/krets.jagareforbundet.se\/folkarna\/wp-json\/wp\/v2\/categories?post=5596"},{"taxonomy":"post_tag","embeddable":true,"href":"https:\/\/krets.jagareforbundet.se\/folkarna\/wp-json\/wp\/v2\/tags?post=5596"}],"curies":[{"name":"wp","href":"https:\/\/api.w.org\/{rel}","templated":true}]}}