{"id":5598,"date":"2016-04-12T05:42:16","date_gmt":"2016-04-12T03:42:16","guid":{"rendered":"https:\/\/krets.jagareforbundet.se\/folkarna\/?p=5598"},"modified":"2016-04-12T05:42:16","modified_gmt":"2016-04-12T03:42:16","slug":"en-nystart-for-svensk-viltforvaltning","status":"publish","type":"post","link":"https:\/\/krets.jagareforbundet.se\/folkarna\/2016\/04\/12\/en-nystart-for-svensk-viltforvaltning\/","title":{"rendered":"En nystart f\u00f6r svensk viltf\u00f6rvaltning"},"content":{"rendered":"<p>&#8221;Naturen och samh\u00e4llet \u00e4r i st\u00e4ndig f\u00f6r\u00e4ndring. Landskapet, klimatet och viltstammarna varierar \u00f6ver tiden, liksom samh\u00e4llets prioriteringar och v\u00e5rt s\u00e4tt att bruka den mark d\u00e4r vi lever. Sverige har i dag historiskt stora viltstammar. De \u00e4r en resurs som brukas till nytta och gl\u00e4dje f\u00f6r m\u00e5nga m\u00e4nniskor men orsakar ocks\u00e5 skador p\u00e5 landsbygdens n\u00e4ringar.<\/p>\n<p>Framtidens viltf\u00f6rvaltning beh\u00f6ver kunna hantera st\u00e4ndig f\u00f6r\u00e4ndring- varierande viltstammar, invasiva arter, nya s\u00e4tt att f\u00f6rvalta och of\u00f6rutsedda h\u00e4ndelser i klimatf\u00f6r\u00e4ndringarnas sp\u00e5r. I strategi f\u00f6r svensk viltf\u00f6rvaltning pekar Naturv\u00e5rdsverket ut v\u00e4gval f\u00f6r att utveckla och st\u00e4rka svensk viltf\u00f6rvaltning. &#8221;<\/p>\n<p>Detta \u00e4r saxat ur en skrift som i dagarna utges av Naturv\u00e5rdsverket och som nog ger aningar om en n\u00e5got f\u00f6r\u00e4ndrad syn fr\u00e5n den myndigheten.<\/p>\n<p><span style=\"color: #800000\"><em>\u00c4LGEN<\/em><\/span><\/p>\n","protected":false},"excerpt":{"rendered":"<p>&#8221;Naturen och samh\u00e4llet \u00e4r i st\u00e4ndig f\u00f6r\u00e4ndring. Landskapet, klimatet och viltstammarna varierar \u00f6ver tiden, liksom samh\u00e4llets prioriteringar och v\u00e5rt s\u00e4tt att bruka den mark d\u00e4r vi lever. Sverige har i dag historiskt stora viltstammar. De \u00e4r en resurs som brukas till nytta och gl\u00e4dje f\u00f6r m\u00e5nga m\u00e4nniskor men orsakar ocks\u00e5 skador p\u00e5 landsbygdens n\u00e4ringar. Framtidens [&hellip;]<\/p>\n","protected":false},"author":78,"featured_media":0,"comment_status":"open","ping_status":"open","sticky":false,"template":"","format":"standard","meta":{"footnotes":""},"categories":[16,18],"tags":[],"class_list":["post-5598","post","type-post","status-publish","format-standard","hentry","category-alg-2","category-jakt-allmant"],"jetpack_featured_media_url":"","_links":{"self":[{"href":"https:\/\/krets.jagareforbundet.se\/folkarna\/wp-json\/wp\/v2\/posts\/5598","targetHints":{"allow":["GET"]}}],"collection":[{"href":"https:\/\/krets.jagareforbundet.se\/folkarna\/wp-json\/wp\/v2\/posts"}],"about":[{"href":"https:\/\/krets.jagareforbundet.se\/folkarna\/wp-json\/wp\/v2\/types\/post"}],"author":[{"embeddable":true,"href":"https:\/\/krets.jagareforbundet.se\/folkarna\/wp-json\/wp\/v2\/users\/78"}],"replies":[{"embeddable":true,"href":"https:\/\/krets.jagareforbundet.se\/folkarna\/wp-json\/wp\/v2\/comments?post=5598"}],"version-history":[{"count":0,"href":"https:\/\/krets.jagareforbundet.se\/folkarna\/wp-json\/wp\/v2\/posts\/5598\/revisions"}],"wp:attachment":[{"href":"https:\/\/krets.jagareforbundet.se\/folkarna\/wp-json\/wp\/v2\/media?parent=5598"}],"wp:term":[{"taxonomy":"category","embeddable":true,"href":"https:\/\/krets.jagareforbundet.se\/folkarna\/wp-json\/wp\/v2\/categories?post=5598"},{"taxonomy":"post_tag","embeddable":true,"href":"https:\/\/krets.jagareforbundet.se\/folkarna\/wp-json\/wp\/v2\/tags?post=5598"}],"curies":[{"name":"wp","href":"https:\/\/api.w.org\/{rel}","templated":true}]}}