{"id":5600,"date":"2016-04-12T07:06:38","date_gmt":"2016-04-12T05:06:38","guid":{"rendered":"https:\/\/krets.jagareforbundet.se\/folkarna\/?p=5600"},"modified":"2016-04-12T07:06:38","modified_gmt":"2016-04-12T05:06:38","slug":"vi-maste-ocksa-anpassa","status":"publish","type":"post","link":"https:\/\/krets.jagareforbundet.se\/folkarna\/2016\/04\/12\/vi-maste-ocksa-anpassa\/","title":{"rendered":"Vi m\u00e5ste ocks\u00e5 anpassa&#8230;."},"content":{"rendered":"<p><strong>Jakten st\u00e5r inf\u00f6r st\u00f6rre utmaningar \u00e4n n\u00e5gonsin tidigare? L\u00e5t mig f\u00f6r tydlighetens skull ber\u00e4tta n\u00e5gra samh\u00e4llstrender som kommer att p\u00e5verka oss j\u00e4gare.<\/strong><\/p>\n<p>Urbaniseringen g\u00f6r att allt fler m\u00e4nniskor kan mindre om natur. F\u00e4rre bryr sig d\u00e4rf\u00f6r om landsbygdens villkor och romantiserar ist\u00e4llet djur och natur. Digitaliseringen f\u00f6r\u00e4ndrar samh\u00e4llet och kommunikationsm\u00f6nstren omdanas. \u00d6verstatligheten med EU skapar bland annat kaos i domstolarna n\u00e4r allt fler beslut ska avg\u00f6ras av juridiska instanser utan kunskap om djur, brukande eller natur. Klimatdiskussionerna leder till en f\u00f6r\u00e4ndrad syn p\u00e5 brukandet av naturen. De etiska aspekterna av jakten f\u00e5r allt st\u00f6rre fokus. M\u00e4nniskor vistas inte i naturen p\u00e5 samma s\u00e4tt som tidigare, men har mer \u00e5sikter. Kraven p\u00e5 livsmedlen \u00f6kar och det st\u00e4ller nya krav p\u00e5 h\u00e5llbarhet och milj\u00f6v\u00e4nlighet, medan ursprunget (djuret, odlandet) marginaliseras och ifr\u00e5gas\u00e4tts. D\u00f6dande av djur s\u00e4tts allt mer in i ett ideologiskt och teoretiskt perspektiv. F\u00f6rm\u00e4nskligandet av djur forts\u00e4tter. Vi f\u00e5r ett allt h\u00e5rdare klimat till milj\u00f6r\u00f6relsen som vill vara med och best\u00e4mma i allt fler fr\u00e5gor. Synen p\u00e5 jakt blir allt mer kritisk i m\u00e5nga delar av v\u00e4rlden \u2013 jakt som n\u00f6je accepteras inte. Jakt, jaktmetoder, hundar, vapen med mera ifr\u00e5gas\u00e4tts regelm\u00e4ssigt. Kunskapen om jaktens v\u00e4rde och betydelse minskar i myndigheter och hos m\u00e5nga beslutsfattare. Och m\u00e5nga m\u00e4nniskor g\u00f6r allt fler k\u00e4nslostyrda val, fakta f\u00e5r st\u00e5 tillbaka f\u00f6r det som k\u00e4nns r\u00e4tt.<\/p>\n<p>Alla dessa trender \u2013 och ett antal andra \u2013 kommer att p\u00e5verka jakten p\u00e5 olika s\u00e4tt. Och det \u00e4r upp till oss att avg\u00f6ra hur.<br \/>\nVi kan inte luta oss tillbaka och hoppas fr\u00e5n st\u00f6d fr\u00e5n skogen, LRF, oorganiserade j\u00e4gare eller n\u00e5gra andra. Alla andra n\u00e4ringar och organisationer har inte jakten som k\u00e4rnverksamhet. Och de kommer ha fullt upp att f\u00f6rsvara sina fr\u00e5gor.<br \/>\nMen en viktig insikt b\u00f6r alla k\u00e4nna till: det finns m\u00f6jligheter i alla hot. Allt \u00e4r inte nattsvart.<\/p>\n<p>L\u00e5t mig f\u00f6renkla problematiseringen lite. Vi har tv\u00e5 val. Antingen accepterar vi samh\u00e4llstrenderna och de konsekvenser dessa f\u00e5r och jobbar vidare som vanligt. Eller l\u00e4ser vi in riskerna och arbetar strukturerat f\u00f6r att undvika dessa, minska sannolikheten att de intr\u00e4ffar, samt minskar effekterna av riskerna om de verkligen intr\u00e4ffar. Det handlar s\u00e5ledes om klassiskt riskarbete.<br \/>\nN\u00e4r trenderna \u00e4r m\u00e5nga och s\u00e5 samh\u00e4llsgenomgripande kommer dessa att tvinga oss i Svenska J\u00e4garef\u00f6rbundet till att omv\u00e4rdera v\u00e5rt arbete. Vi m\u00e5ste g\u00f6ra jobbiga val kring vilka fr\u00e5gor vi prioriterar.<\/p>\n<p>Om vi inte agerar finns en stor risk att den svenska jakten sakta men s\u00e4kert dr\u00e4neras till en br\u00e5kdel av vad den \u00e4r idag. Exempel p\u00e5 hur detta skett kan l\u00e4tt hittas i ett antal europeiska l\u00e4nder. D\u00e4r har j\u00e4garna inte har haft koll p\u00e5 samh\u00e4llstrenderna eller haft f\u00f6rm\u00e5ga att h\u00e4nga med i samh\u00e4llsutvecklingen.<\/p>\n<p>Trots alla hot \u00e4r jag faktiskt mest orolig f\u00f6r en sak. Det \u00e4r j\u00e4garna l\u00e4ngst ut. De som tycker att de sj\u00e4lva ska best\u00e4mma om jakten. De som avf\u00e4rdar allm\u00e4nhetens \u00e5sikter med en axelryckning. De som g\u00e4rna st\u00e4ller sig vid sidan av spelplanen \u2013 och g\u00f6r sin grej oavsett vad allm\u00e4nheten tycker.<br \/>\nF\u00e5r vi en grupp j\u00e4gare som inte f\u00f6rst\u00e5r att samh\u00e4llet h\u00e5ller p\u00e5 att f\u00f6r\u00e4ndras, som inte tar h\u00e4nsyn till att alla andra ocks\u00e5 har \u00e5sikter om djur och natur lever vi farligt. Dessa kan sabotera mycket av det positiva som alla andra f\u00f6rs\u00f6ker bygga upp. Det st\u00f6rsta hotet kan finnas inom v\u00e5rt eget skr\u00e5.<\/p>\n<p>Det som jag vill s\u00e4ga \u00e4r: J\u00e4garna som grupp m\u00e5ste upplevas p\u00e5 ett positivt s\u00e4tt av samh\u00e4llet. Vi m\u00e5ste vara samh\u00e4llsnyttiga och bidra till de m\u00e5l som samh\u00e4llet satt upp. Tror vi f\u00f6r ett enda \u00f6gonblick att vi j\u00e4gare kan st\u00e5 vid sidan av samh\u00e4llet och \u00e4nd\u00e5 f\u00f6rtj\u00e4na dess f\u00f6rtroende \u00e4r vi hoppl\u00f6st naiva.<\/p>\n<p>Svenska J\u00e4garef\u00f6rbundet h\u00e5ller p\u00e5 att f\u00f6r\u00e4ndras och moderniseras. Vi arbetar p\u00e5 ett nytt s\u00e4tt och har idag f\u00f6rm\u00e5gan att rikta hela f\u00f6rbundets kraft d\u00e4r det beh\u00f6vs som mest. Och n\u00e4r vi lyckas kanalisera all kraft \u00e5t samma h\u00e5ll \u00e4r vi n\u00e4stan ostoppbara.<br \/>\nMan kan s\u00e4ga att alla delar av f\u00f6rbundet \u00e4r mer anpassade till att hantera utmaningar, vi \u00e4r exempelvis mer uppm\u00e4rksamma p\u00e5 samh\u00e4llstrender och hur de p\u00e5verkar oss. Tyv\u00e4rr sker f\u00f6r\u00e4ndringarna allt snabbare. Och f\u00f6rbundets framg\u00e5ng kommer att avg\u00f6ras hur v\u00e4l och snabbt vi kan f\u00f6r\u00e4ndra och anpassa oss till samtiden.<br \/>\nMen det g\u00e5r inte att blunda f\u00f6r att vi kommer att tvingas offra heliga kor, dagtinga med hj\u00e4rtefr\u00e5gor och v\u00e4lja bort \u00e4mnen som vi idag arbetar med \u2013 bara f\u00f6r att s\u00e4kerst\u00e4lla jaktens framtid.<\/p>\n<p>Men nu till min slutpo\u00e4ng. Vi kommer att lyckas, men bara om vi vill det och inser att det kr\u00e4ver uppoffringar. Det \u00e4r v\u00e5r f\u00f6rm\u00e5ga att f\u00f6r\u00e4ndras, kunna vara flexibla och fokusera p\u00e5 det som \u00e4r viktigast som avg\u00f6r hur v\u00e4l vi kommer att lyckas. Det \u00e4r allts\u00e5 upp till oss.<br \/>\nN\u00e4sta \u00e5r kommer f\u00f6rbundet p\u00e5b\u00f6rja en ny m\u00e5lprocess \u2013 en ny omv\u00e4rldsanalys. D\u00e5 m\u00e5ste vi tillsammans hitta m\u00f6jligheterna i hoten. Vi m\u00e5ste prioritera vad som \u00e4r viktigast, v\u00e5ga bryta invanda m\u00f6nster, v\u00e5ga ifr\u00e5gas\u00e4tta oss sj\u00e4lva och det sj\u00e4lvklara.<br \/>\nOch riktningen f\u00f6r f\u00f6rbundet \u2013 som vi gemensamt ska peka ut \u2013 kommer att inneb\u00e4ra m\u00e5nga oerh\u00f6rt tuffa prioriteringar.<br \/>\nSka vi ha lika bra jakt och viltf\u00f6rvaltning i framtiden \u2013 d\u00e4r j\u00e4garna \u00e4r med och p\u00e5verkar \u2013 finns det n\u00e4mligen inget alternativ. S\u00e5 stora \u00e4r utmaningarna.<\/p>\n<p>Magnus Rydholm<\/p>\n","protected":false},"excerpt":{"rendered":"<p>Jakten st\u00e5r inf\u00f6r st\u00f6rre utmaningar \u00e4n n\u00e5gonsin tidigare? L\u00e5t mig f\u00f6r tydlighetens skull ber\u00e4tta n\u00e5gra samh\u00e4llstrender som kommer att p\u00e5verka oss j\u00e4gare. Urbaniseringen g\u00f6r att allt fler m\u00e4nniskor kan mindre om natur. F\u00e4rre bryr sig d\u00e4rf\u00f6r om landsbygdens villkor och romantiserar ist\u00e4llet djur och natur. Digitaliseringen f\u00f6r\u00e4ndrar samh\u00e4llet och kommunikationsm\u00f6nstren omdanas. \u00d6verstatligheten med EU skapar [&hellip;]<\/p>\n","protected":false},"author":78,"featured_media":0,"comment_status":"open","ping_status":"open","sticky":false,"template":"","format":"standard","meta":{"footnotes":""},"categories":[18],"tags":[],"class_list":["post-5600","post","type-post","status-publish","format-standard","hentry","category-jakt-allmant"],"jetpack_featured_media_url":"","_links":{"self":[{"href":"https:\/\/krets.jagareforbundet.se\/folkarna\/wp-json\/wp\/v2\/posts\/5600","targetHints":{"allow":["GET"]}}],"collection":[{"href":"https:\/\/krets.jagareforbundet.se\/folkarna\/wp-json\/wp\/v2\/posts"}],"about":[{"href":"https:\/\/krets.jagareforbundet.se\/folkarna\/wp-json\/wp\/v2\/types\/post"}],"author":[{"embeddable":true,"href":"https:\/\/krets.jagareforbundet.se\/folkarna\/wp-json\/wp\/v2\/users\/78"}],"replies":[{"embeddable":true,"href":"https:\/\/krets.jagareforbundet.se\/folkarna\/wp-json\/wp\/v2\/comments?post=5600"}],"version-history":[{"count":0,"href":"https:\/\/krets.jagareforbundet.se\/folkarna\/wp-json\/wp\/v2\/posts\/5600\/revisions"}],"wp:attachment":[{"href":"https:\/\/krets.jagareforbundet.se\/folkarna\/wp-json\/wp\/v2\/media?parent=5600"}],"wp:term":[{"taxonomy":"category","embeddable":true,"href":"https:\/\/krets.jagareforbundet.se\/folkarna\/wp-json\/wp\/v2\/categories?post=5600"},{"taxonomy":"post_tag","embeddable":true,"href":"https:\/\/krets.jagareforbundet.se\/folkarna\/wp-json\/wp\/v2\/tags?post=5600"}],"curies":[{"name":"wp","href":"https:\/\/api.w.org\/{rel}","templated":true}]}}