{"id":5702,"date":"2016-06-25T10:17:10","date_gmt":"2016-06-25T08:17:10","guid":{"rendered":"https:\/\/krets.jagareforbundet.se\/folkarna\/?p=5702"},"modified":"2016-06-25T10:17:10","modified_gmt":"2016-06-25T08:17:10","slug":"trodde-det-stod-klart","status":"publish","type":"post","link":"https:\/\/krets.jagareforbundet.se\/folkarna\/2016\/06\/25\/trodde-det-stod-klart\/","title":{"rendered":"Trodde det stod klart"},"content":{"rendered":"<p>Att all \u00e4lgjakt utan restriktioner i Januari och Februari \u00e4r etiskt f\u00f6rkastligt.[2016-06-25]<\/p>\n<p>Att JFD tillsammans med skogsbolagen och LRF f\u00f6rs\u00f6kte f\u00e5 \u00e4lgjakt i januari och februari, men misslyckades halvv\u00e4gs d\u00e5 viltv\u00e5rdsdelegationens politiska ledam\u00f6ter r\u00f6stad ned dom.<\/p>\n<p>Att skogsbolagen har sin sk\u00e4l kan man delvis f\u00f6rst\u00e5 d\u00e5 etikniv\u00e5n d\u00e4r alltid d\u00e4r varit l\u00e5g.<\/p>\n<p>Att LRF som tidigare stod det tidigare gr\u00f6na centerpartiet n\u00e4ra, g\u00e5tt den v\u00e4gen har man b\u00f6rjat f\u00f6rst\u00e5 i och med att Mellanskogs stor\u00e4gare lierat sig med skogsbolagen.<\/p>\n<p>Men att JFD som arbetar under SJF etiska policy r\u00f6star med dessa \u00a0etiska\u00a0d\u00f6dgr\u00e4vare m\u00e5ste ni fr\u00e5ga styrelsen om, f\u00f6r tror inte det finns n\u00e5got s\u00e5dant beslut p\u00e5 st\u00e4mma.<\/p>\n<p>\u00c4lgen<\/p>\n","protected":false},"excerpt":{"rendered":"<p>Att all \u00e4lgjakt utan restriktioner i Januari och Februari \u00e4r etiskt f\u00f6rkastligt.[2016-06-25] Att JFD tillsammans med skogsbolagen och LRF f\u00f6rs\u00f6kte f\u00e5 \u00e4lgjakt i januari och februari, men misslyckades halvv\u00e4gs d\u00e5 viltv\u00e5rdsdelegationens politiska ledam\u00f6ter r\u00f6stad ned dom. Att skogsbolagen har sin sk\u00e4l kan man delvis f\u00f6rst\u00e5 d\u00e5 etikniv\u00e5n d\u00e4r alltid d\u00e4r varit l\u00e5g. Att LRF som [&hellip;]<\/p>\n","protected":false},"author":78,"featured_media":0,"comment_status":"open","ping_status":"open","sticky":false,"template":"","format":"standard","meta":{"footnotes":""},"categories":[16],"tags":[],"class_list":["post-5702","post","type-post","status-publish","format-standard","hentry","category-alg-2"],"jetpack_featured_media_url":"","_links":{"self":[{"href":"https:\/\/krets.jagareforbundet.se\/folkarna\/wp-json\/wp\/v2\/posts\/5702","targetHints":{"allow":["GET"]}}],"collection":[{"href":"https:\/\/krets.jagareforbundet.se\/folkarna\/wp-json\/wp\/v2\/posts"}],"about":[{"href":"https:\/\/krets.jagareforbundet.se\/folkarna\/wp-json\/wp\/v2\/types\/post"}],"author":[{"embeddable":true,"href":"https:\/\/krets.jagareforbundet.se\/folkarna\/wp-json\/wp\/v2\/users\/78"}],"replies":[{"embeddable":true,"href":"https:\/\/krets.jagareforbundet.se\/folkarna\/wp-json\/wp\/v2\/comments?post=5702"}],"version-history":[{"count":0,"href":"https:\/\/krets.jagareforbundet.se\/folkarna\/wp-json\/wp\/v2\/posts\/5702\/revisions"}],"wp:attachment":[{"href":"https:\/\/krets.jagareforbundet.se\/folkarna\/wp-json\/wp\/v2\/media?parent=5702"}],"wp:term":[{"taxonomy":"category","embeddable":true,"href":"https:\/\/krets.jagareforbundet.se\/folkarna\/wp-json\/wp\/v2\/categories?post=5702"},{"taxonomy":"post_tag","embeddable":true,"href":"https:\/\/krets.jagareforbundet.se\/folkarna\/wp-json\/wp\/v2\/tags?post=5702"}],"curies":[{"name":"wp","href":"https:\/\/api.w.org\/{rel}","templated":true}]}}