{"id":5719,"date":"2016-07-05T16:21:14","date_gmt":"2016-07-05T14:21:14","guid":{"rendered":"https:\/\/krets.jagareforbundet.se\/folkarna\/?p=5719"},"modified":"2016-07-07T08:21:51","modified_gmt":"2016-07-07T06:21:51","slug":"almedalen-onsdag","status":"publish","type":"post","link":"https:\/\/krets.jagareforbundet.se\/folkarna\/2016\/07\/05\/almedalen-onsdag\/","title":{"rendered":"Almedalen Onsdag :"},"content":{"rendered":"<p>Vad ska vi ha naturen till?<\/p>\n<p><strong>Sverige best\u00e5r mest av skog \u2013 men ingen\u00a0\u00e4r d\u00e4r!<\/strong> Svenska J\u00e4garef\u00f6rbundet ser med\u00a0oro p\u00e5 utvecklingen n\u00e4r allt f\u00e4rre vistas\u00a0i naturen. M\u00e5nga \u00e4r r\u00e4dda f\u00f6r att vara i\u00a0skogen och ser inte skillnad p\u00e5 en bofink\u00a0och bl\u00e5mes, eller vet var bl\u00e5b\u00e4r v\u00e4xer och\u00a0hur ett harsp\u00e5r ser ut.<br \/>\nSamtidigt som kunskapen om naturen\u00a0minskar stiger intresset f\u00f6r att \u00e4ta mer\u00a0ekologiskt och att leva h\u00e5llbart.<\/p>\n<p>\u00c4r detta sant?<\/p>\n<p>Kommersiellt utnyttjande av naturen \u00f6kar. Men n\u00e4r andra \u00e4n skogs\u00e4garna tar vinsten s\u00e4tter de upp bommar.<\/p>\n<p><span style=\"color: #800000\"><em>\u00c4lgen<\/em><\/span><\/p>\n<p><iframe loading=\"lazy\" title=\"VAD SKA VI HA NATUREN TILL? - SEMINARIUM ALMEDALEN 2016\" width=\"500\" height=\"281\" src=\"https:\/\/www.youtube.com\/embed\/RFZlWYoQdn0?feature=oembed\" frameborder=\"0\" allow=\"accelerometer; autoplay; clipboard-write; encrypted-media; gyroscope; picture-in-picture; web-share\" referrerpolicy=\"strict-origin-when-cross-origin\" allowfullscreen><\/iframe><\/p>\n","protected":false},"excerpt":{"rendered":"<p>Vad ska vi ha naturen till? Sverige best\u00e5r mest av skog \u2013 men ingen\u00a0\u00e4r d\u00e4r! Svenska J\u00e4garef\u00f6rbundet ser med\u00a0oro p\u00e5 utvecklingen n\u00e4r allt f\u00e4rre vistas\u00a0i naturen. M\u00e5nga \u00e4r r\u00e4dda f\u00f6r att vara i\u00a0skogen och ser inte skillnad p\u00e5 en bofink\u00a0och bl\u00e5mes, eller vet var bl\u00e5b\u00e4r v\u00e4xer och\u00a0hur ett harsp\u00e5r ser ut. Samtidigt som kunskapen om [&hellip;]<\/p>\n","protected":false},"author":78,"featured_media":0,"comment_status":"open","ping_status":"open","sticky":false,"template":"","format":"standard","meta":{"footnotes":""},"categories":[78],"tags":[],"class_list":["post-5719","post","type-post","status-publish","format-standard","hentry","category-marker"],"jetpack_featured_media_url":"","_links":{"self":[{"href":"https:\/\/krets.jagareforbundet.se\/folkarna\/wp-json\/wp\/v2\/posts\/5719","targetHints":{"allow":["GET"]}}],"collection":[{"href":"https:\/\/krets.jagareforbundet.se\/folkarna\/wp-json\/wp\/v2\/posts"}],"about":[{"href":"https:\/\/krets.jagareforbundet.se\/folkarna\/wp-json\/wp\/v2\/types\/post"}],"author":[{"embeddable":true,"href":"https:\/\/krets.jagareforbundet.se\/folkarna\/wp-json\/wp\/v2\/users\/78"}],"replies":[{"embeddable":true,"href":"https:\/\/krets.jagareforbundet.se\/folkarna\/wp-json\/wp\/v2\/comments?post=5719"}],"version-history":[{"count":1,"href":"https:\/\/krets.jagareforbundet.se\/folkarna\/wp-json\/wp\/v2\/posts\/5719\/revisions"}],"predecessor-version":[{"id":5722,"href":"https:\/\/krets.jagareforbundet.se\/folkarna\/wp-json\/wp\/v2\/posts\/5719\/revisions\/5722"}],"wp:attachment":[{"href":"https:\/\/krets.jagareforbundet.se\/folkarna\/wp-json\/wp\/v2\/media?parent=5719"}],"wp:term":[{"taxonomy":"category","embeddable":true,"href":"https:\/\/krets.jagareforbundet.se\/folkarna\/wp-json\/wp\/v2\/categories?post=5719"},{"taxonomy":"post_tag","embeddable":true,"href":"https:\/\/krets.jagareforbundet.se\/folkarna\/wp-json\/wp\/v2\/tags?post=5719"}],"curies":[{"name":"wp","href":"https:\/\/api.w.org\/{rel}","templated":true}]}}