{"id":5723,"date":"2016-07-08T09:34:43","date_gmt":"2016-07-08T07:34:43","guid":{"rendered":"https:\/\/krets.jagareforbundet.se\/folkarna\/?p=5723"},"modified":"2016-07-08T09:34:43","modified_gmt":"2016-07-08T07:34:43","slug":"dagens-snackis","status":"publish","type":"post","link":"https:\/\/krets.jagareforbundet.se\/folkarna\/2016\/07\/08\/dagens-snackis\/","title":{"rendered":"Dagens snackis"},"content":{"rendered":"<p>&#8221;En stor snackis br\u00f6t ut i skogssverige n\u00e4r Charlotte Riberdahl, som har i uppdrag att utreda skogspolitiken<\/p>\n<p>&#8211; f\u00e5ngades av en \u00f6gonblicks inspiration i solgasset i Almedalen. Hon undrade om det \u00e4r rimligt att en s\u00e5 v\u00e4rdefull resurs som skogen \u00e4gs av privata intressen. Det \u00e4r ju s\u00e5 mycket att t\u00e4nka p\u00e5 kring skogen&#8230; milj\u00f6, naturv\u00e5rd, biotoper, arter, sociala v\u00e4rden och klimatet.<\/p>\n<div class=\"_li\">\n<div class=\"uiContextualLayerParent\" id=\"globalContainer\">\n<div class=\"fb_content clearfix \" id=\"content\">\n<div id=\"mainContainer\">\n<div class=\"clearfix hasRightCol _5r-_ homeWiderContent homeFixedLayout hasExpandedComposer newsFeedComposer\" id=\"contentCol\">\n<div id=\"contentArea\">\n<div id=\"stream_pagelet\">\n<div id=\"topnews_main_stream_408239535924329\">\n<div class=\"_5pcb\" id=\"feed_stream_577f56972f0299439506088\">\n<div class=\"_4ikz\" id=\"substream_0_577f569ac64331026896684\">\n<div id=\"u_jsonp_15_1\">\n<div class=\"_5jmm _5pat _3lb4 _x72\" id=\"hyperfeed_story_id_577f569adea638948660608\">\n<div class=\"_4-u2 mbm _5v3q _4-u8\" id=\"u_jsonp_15_w\">\n<div class=\"_3ccb\" id=\"u_jsonp_15_x\">\n<div class=\"userContentWrapper _5pcr\">\n<div class=\"_1dwg _1w_m\">\n<div class=\"_5pbx userContent\" id=\"js_4t\">\n<p>Hon erk\u00e4nde att det var en provokativ tanke men p\u00e5 den gren av milj\u00f6sverige d\u00e4r hon uppenbarligen sitter, d\u00e4r har de h\u00e4r tankarna funnits l\u00e4nge&#8221;<\/p>\n<p><span style=\"color: #993300\"><em>\u00c4lgen<\/em><\/span><\/p>\n<\/div>\n<\/div>\n<\/div>\n<\/div>\n<\/div>\n<\/div>\n<\/div>\n<\/div>\n<\/div>\n<\/div>\n<\/div>\n<\/div>\n<\/div>\n<\/div>\n<\/div>\n<\/div>\n<\/div>\n","protected":false},"excerpt":{"rendered":"<p>&#8221;En stor snackis br\u00f6t ut i skogssverige n\u00e4r Charlotte Riberdahl, som har i uppdrag att utreda skogspolitiken &#8211; f\u00e5ngades av en \u00f6gonblicks inspiration i solgasset i Almedalen. Hon undrade om det \u00e4r rimligt att en s\u00e5 v\u00e4rdefull resurs som skogen \u00e4gs av privata intressen. Det \u00e4r ju s\u00e5 mycket att t\u00e4nka p\u00e5 kring skogen&#8230; milj\u00f6, [&hellip;]<\/p>\n","protected":false},"author":78,"featured_media":0,"comment_status":"open","ping_status":"open","sticky":false,"template":"","format":"standard","meta":{"footnotes":""},"categories":[78],"tags":[],"class_list":["post-5723","post","type-post","status-publish","format-standard","hentry","category-marker"],"jetpack_featured_media_url":"","_links":{"self":[{"href":"https:\/\/krets.jagareforbundet.se\/folkarna\/wp-json\/wp\/v2\/posts\/5723","targetHints":{"allow":["GET"]}}],"collection":[{"href":"https:\/\/krets.jagareforbundet.se\/folkarna\/wp-json\/wp\/v2\/posts"}],"about":[{"href":"https:\/\/krets.jagareforbundet.se\/folkarna\/wp-json\/wp\/v2\/types\/post"}],"author":[{"embeddable":true,"href":"https:\/\/krets.jagareforbundet.se\/folkarna\/wp-json\/wp\/v2\/users\/78"}],"replies":[{"embeddable":true,"href":"https:\/\/krets.jagareforbundet.se\/folkarna\/wp-json\/wp\/v2\/comments?post=5723"}],"version-history":[{"count":0,"href":"https:\/\/krets.jagareforbundet.se\/folkarna\/wp-json\/wp\/v2\/posts\/5723\/revisions"}],"wp:attachment":[{"href":"https:\/\/krets.jagareforbundet.se\/folkarna\/wp-json\/wp\/v2\/media?parent=5723"}],"wp:term":[{"taxonomy":"category","embeddable":true,"href":"https:\/\/krets.jagareforbundet.se\/folkarna\/wp-json\/wp\/v2\/categories?post=5723"},{"taxonomy":"post_tag","embeddable":true,"href":"https:\/\/krets.jagareforbundet.se\/folkarna\/wp-json\/wp\/v2\/tags?post=5723"}],"curies":[{"name":"wp","href":"https:\/\/api.w.org\/{rel}","templated":true}]}}