{"id":5871,"date":"2016-09-26T14:12:12","date_gmt":"2016-09-26T12:12:12","guid":{"rendered":"https:\/\/krets.jagareforbundet.se\/folkarna\/?p=5871"},"modified":"2016-09-26T14:12:20","modified_gmt":"2016-09-26T12:12:20","slug":"om-man-ej-forstar","status":"publish","type":"post","link":"https:\/\/krets.jagareforbundet.se\/folkarna\/2016\/09\/26\/om-man-ej-forstar\/","title":{"rendered":"Om man ej f\u00f6rst\u00e5r&#8230;."},"content":{"rendered":"<p>Gl\u00e4djande att man i norr (J\u00e4mtland) och i s\u00f6der (Kronoberg) f\u00f6rst\u00e5tt att ge just, tjurar med b\u00e4sta anlagen, chans att f\u00f6ra generna vidare innan de skjuts.<\/p>\n<p>Men\u00a0i mellansverige med en \u00f6kande rovdjurspopulation verkar det var om\u00f6jligt att undvika jakt i brunsten, d\u00e5 \u00e4r f\u00f6rslaget, jaga inte kapitala djur f\u00f6r \u00e4n efter 1 november, passar som hand i handske f\u00f6r den nu ofta f\u00f6rekommande avlysningsjakten.<\/p>\n<p><span style=\"color: #993300\"><em>\u00c4lgen.<\/em><\/span><\/p>\n","protected":false},"excerpt":{"rendered":"<p>Gl\u00e4djande att man i norr (J\u00e4mtland) och i s\u00f6der (Kronoberg) f\u00f6rst\u00e5tt att ge just, tjurar med b\u00e4sta anlagen, chans att f\u00f6ra generna vidare innan de skjuts. Men\u00a0i mellansverige med en \u00f6kande rovdjurspopulation verkar det var om\u00f6jligt att undvika jakt i brunsten, d\u00e5 \u00e4r f\u00f6rslaget, jaga inte kapitala djur f\u00f6r \u00e4n efter 1 november, passar som [&hellip;]<\/p>\n","protected":false},"author":78,"featured_media":0,"comment_status":"open","ping_status":"open","sticky":false,"template":"","format":"standard","meta":{"footnotes":""},"categories":[16],"tags":[],"class_list":["post-5871","post","type-post","status-publish","format-standard","hentry","category-alg-2"],"jetpack_featured_media_url":"","_links":{"self":[{"href":"https:\/\/krets.jagareforbundet.se\/folkarna\/wp-json\/wp\/v2\/posts\/5871","targetHints":{"allow":["GET"]}}],"collection":[{"href":"https:\/\/krets.jagareforbundet.se\/folkarna\/wp-json\/wp\/v2\/posts"}],"about":[{"href":"https:\/\/krets.jagareforbundet.se\/folkarna\/wp-json\/wp\/v2\/types\/post"}],"author":[{"embeddable":true,"href":"https:\/\/krets.jagareforbundet.se\/folkarna\/wp-json\/wp\/v2\/users\/78"}],"replies":[{"embeddable":true,"href":"https:\/\/krets.jagareforbundet.se\/folkarna\/wp-json\/wp\/v2\/comments?post=5871"}],"version-history":[{"count":0,"href":"https:\/\/krets.jagareforbundet.se\/folkarna\/wp-json\/wp\/v2\/posts\/5871\/revisions"}],"wp:attachment":[{"href":"https:\/\/krets.jagareforbundet.se\/folkarna\/wp-json\/wp\/v2\/media?parent=5871"}],"wp:term":[{"taxonomy":"category","embeddable":true,"href":"https:\/\/krets.jagareforbundet.se\/folkarna\/wp-json\/wp\/v2\/categories?post=5871"},{"taxonomy":"post_tag","embeddable":true,"href":"https:\/\/krets.jagareforbundet.se\/folkarna\/wp-json\/wp\/v2\/tags?post=5871"}],"curies":[{"name":"wp","href":"https:\/\/api.w.org\/{rel}","templated":true}]}}