{"id":5939,"date":"2016-10-28T20:35:44","date_gmt":"2016-10-28T18:35:44","guid":{"rendered":"https:\/\/krets.jagareforbundet.se\/folkarna\/?p=5939"},"modified":"2016-10-28T20:35:44","modified_gmt":"2016-10-28T18:35:44","slug":"vi-maste-fa-ordning-pa-vargforvaltningen","status":"publish","type":"post","link":"https:\/\/krets.jagareforbundet.se\/folkarna\/2016\/10\/28\/vi-maste-fa-ordning-pa-vargforvaltningen\/","title":{"rendered":"Vi m\u00e5ste f\u00e5 ordning p\u00e5 vargf\u00f6rvaltningen"},"content":{"rendered":"<p>Nyligen beslutade l\u00e4nsstyrelserna jakt p\u00e5 24 vargar. Ett alldeles<br \/>\nf\u00f6r litet antal tycker Svenska J\u00e4garef\u00f6rbundets ordf\u00f6rande Bj\u00f6rn<br \/>\nSpr\u00e4ngare i en intervju fr\u00e5n 15 oktober.<br \/>\n\u2013Att vi f\u00e5r ordning p\u00e5 vargf\u00f6rvaltningen och en fungerande f\u00f6rvaltningsjakt<br \/>\n\u00e4r \u00e4nnu viktigare i detta skede, s\u00e4ger han.<br \/>\n\u2013 Regeringen har \u00e4ndrat systemet f\u00f6r \u00f6verklagningar av rovdjursbesluten.<br \/>\nNu ska dessa g\u00e5 till en och samma f\u00f6rvaltningsr\u00e4tt<br \/>\noch d\u00e4refter till en kammarr\u00e4tt. Vi hoppas naturligtvis att<br \/>\ndetta leder till att myndighetsbesluten verkst\u00e4lls. Och v\u00e5rt fokus<br \/>\nm\u00e5ste vara p\u00e5 att f\u00e5 systemet att fungera. Mitt m\u00e5l \u00e4r att vi ska<br \/>\nf\u00f6rvalta vargstammen regionalt med h\u00e4nsyn till de m\u00e4nniskor<br \/>\nsom ber\u00f6rs. I f\u00f6rsta hand ska den ner p\u00e5 den niv\u00e5n som g\u00e4llande<br \/>\nriksdagsbeslut anger, mellan 170 och 270 individer. P\u00e5 sikt<br \/>\narbetar vi f\u00f6r v\u00e5r egen m\u00e5ls\u00e4ttning p\u00e5 maximalt 150 vargar. F\u00f6r<br \/>\natt komma dit b\u00f6r vi j\u00e4gare inte driva p\u00e5 konflikten utan ist\u00e4llet<br \/>\nhitta sm\u00f6rjmedel som g\u00f6r f\u00f6rvaltningen inte hakar upp sig.<br \/>\nHela intervjun kan du l\u00e4sa p\u00e5<br \/>\nhttp:\/\/jagareforbundet.se\/aktuellt\/forbundsnyheter\/2016\/10\/vi-mastefa-<br \/>\nordning-pa-vargforvaltningen<\/p>\n","protected":false},"excerpt":{"rendered":"<p>Nyligen beslutade l\u00e4nsstyrelserna jakt p\u00e5 24 vargar. Ett alldeles f\u00f6r litet antal tycker Svenska J\u00e4garef\u00f6rbundets ordf\u00f6rande Bj\u00f6rn Spr\u00e4ngare i en intervju fr\u00e5n 15 oktober. \u2013Att vi f\u00e5r ordning p\u00e5 vargf\u00f6rvaltningen och en fungerande f\u00f6rvaltningsjakt \u00e4r \u00e4nnu viktigare i detta skede, s\u00e4ger han. \u2013 Regeringen har \u00e4ndrat systemet f\u00f6r \u00f6verklagningar av rovdjursbesluten. Nu ska dessa g\u00e5 [&hellip;]<\/p>\n","protected":false},"author":78,"featured_media":0,"comment_status":"open","ping_status":"open","sticky":false,"template":"","format":"standard","meta":{"footnotes":""},"categories":[15],"tags":[],"class_list":["post-5939","post","type-post","status-publish","format-standard","hentry","category-rovdjur"],"jetpack_featured_media_url":"","_links":{"self":[{"href":"https:\/\/krets.jagareforbundet.se\/folkarna\/wp-json\/wp\/v2\/posts\/5939","targetHints":{"allow":["GET"]}}],"collection":[{"href":"https:\/\/krets.jagareforbundet.se\/folkarna\/wp-json\/wp\/v2\/posts"}],"about":[{"href":"https:\/\/krets.jagareforbundet.se\/folkarna\/wp-json\/wp\/v2\/types\/post"}],"author":[{"embeddable":true,"href":"https:\/\/krets.jagareforbundet.se\/folkarna\/wp-json\/wp\/v2\/users\/78"}],"replies":[{"embeddable":true,"href":"https:\/\/krets.jagareforbundet.se\/folkarna\/wp-json\/wp\/v2\/comments?post=5939"}],"version-history":[{"count":0,"href":"https:\/\/krets.jagareforbundet.se\/folkarna\/wp-json\/wp\/v2\/posts\/5939\/revisions"}],"wp:attachment":[{"href":"https:\/\/krets.jagareforbundet.se\/folkarna\/wp-json\/wp\/v2\/media?parent=5939"}],"wp:term":[{"taxonomy":"category","embeddable":true,"href":"https:\/\/krets.jagareforbundet.se\/folkarna\/wp-json\/wp\/v2\/categories?post=5939"},{"taxonomy":"post_tag","embeddable":true,"href":"https:\/\/krets.jagareforbundet.se\/folkarna\/wp-json\/wp\/v2\/tags?post=5939"}],"curies":[{"name":"wp","href":"https:\/\/api.w.org\/{rel}","templated":true}]}}