{"id":5940,"date":"2016-10-28T20:38:32","date_gmt":"2016-10-28T18:38:32","guid":{"rendered":"https:\/\/krets.jagareforbundet.se\/folkarna\/?p=5940"},"modified":"2016-10-28T20:38:32","modified_gmt":"2016-10-28T18:38:32","slug":"utfodring-av-vilt","status":"publish","type":"post","link":"https:\/\/krets.jagareforbundet.se\/folkarna\/2016\/10\/28\/utfodring-av-vilt\/","title":{"rendered":"Utfodring av vilt"},"content":{"rendered":"<p>Riksdagen sade nej till f\u00f6rbud mot utfodring<br \/>\nOnsdagen 26 oktober stod det klart. Det blir inget f\u00f6rbud mot<br \/>\nutfodring. Regeringen ville ha ett generellt f\u00f6rbud eller villkor<br \/>\nf\u00f6r utfodring av vilt. Riksdagen h\u00f6ll med om att det finns sk\u00e4l<br \/>\natt reglera utfodring av vilt men tyckte att regeringens f\u00f6rslag<br \/>\ngick alltf\u00f6r l\u00e5ngt. Riksdagen sade d\u00e4rf\u00f6r nej till f\u00f6rslaget med<br \/>\nr\u00f6stsiffrorna 164 mot 147.<br \/>\nL\u00e4s mer p\u00e5 http:\/\/svenskjakt.se\/start\/nyhet\/riksdagen-sager-nejtill-<br \/>\nforbud-mot-utfodring\/<\/p>\n","protected":false},"excerpt":{"rendered":"<p>Riksdagen sade nej till f\u00f6rbud mot utfodring Onsdagen 26 oktober stod det klart. Det blir inget f\u00f6rbud mot utfodring. Regeringen ville ha ett generellt f\u00f6rbud eller villkor f\u00f6r utfodring av vilt. Riksdagen h\u00f6ll med om att det finns sk\u00e4l att reglera utfodring av vilt men tyckte att regeringens f\u00f6rslag gick alltf\u00f6r l\u00e5ngt. Riksdagen sade d\u00e4rf\u00f6r [&hellip;]<\/p>\n","protected":false},"author":78,"featured_media":0,"comment_status":"open","ping_status":"open","sticky":false,"template":"","format":"standard","meta":{"footnotes":""},"categories":[17],"tags":[],"class_list":["post-5940","post","type-post","status-publish","format-standard","hentry","category-vildsvin"],"jetpack_featured_media_url":"","_links":{"self":[{"href":"https:\/\/krets.jagareforbundet.se\/folkarna\/wp-json\/wp\/v2\/posts\/5940","targetHints":{"allow":["GET"]}}],"collection":[{"href":"https:\/\/krets.jagareforbundet.se\/folkarna\/wp-json\/wp\/v2\/posts"}],"about":[{"href":"https:\/\/krets.jagareforbundet.se\/folkarna\/wp-json\/wp\/v2\/types\/post"}],"author":[{"embeddable":true,"href":"https:\/\/krets.jagareforbundet.se\/folkarna\/wp-json\/wp\/v2\/users\/78"}],"replies":[{"embeddable":true,"href":"https:\/\/krets.jagareforbundet.se\/folkarna\/wp-json\/wp\/v2\/comments?post=5940"}],"version-history":[{"count":0,"href":"https:\/\/krets.jagareforbundet.se\/folkarna\/wp-json\/wp\/v2\/posts\/5940\/revisions"}],"wp:attachment":[{"href":"https:\/\/krets.jagareforbundet.se\/folkarna\/wp-json\/wp\/v2\/media?parent=5940"}],"wp:term":[{"taxonomy":"category","embeddable":true,"href":"https:\/\/krets.jagareforbundet.se\/folkarna\/wp-json\/wp\/v2\/categories?post=5940"},{"taxonomy":"post_tag","embeddable":true,"href":"https:\/\/krets.jagareforbundet.se\/folkarna\/wp-json\/wp\/v2\/tags?post=5940"}],"curies":[{"name":"wp","href":"https:\/\/api.w.org\/{rel}","templated":true}]}}