{"id":5985,"date":"2016-12-26T13:27:02","date_gmt":"2016-12-26T12:27:02","guid":{"rendered":"https:\/\/krets.jagareforbundet.se\/folkarna\/?p=5985"},"modified":"2016-12-26T13:27:02","modified_gmt":"2016-12-26T12:27:02","slug":"viltolyckor","status":"publish","type":"post","link":"https:\/\/krets.jagareforbundet.se\/folkarna\/2016\/12\/26\/viltolyckor\/","title":{"rendered":"Viltolyckor"},"content":{"rendered":"<p>\u2013 Fler \u00e4n 5 000 efters\u00f6kj\u00e4gare har hittills i \u00e5r sp\u00e5rat en str\u00e4cka<br \/>\nsom motsvarar hela Sveriges l\u00e4ngd drygt 60 g\u00e5nger eller 94 558<br \/>\nkilometer. Och de g\u00f6r det frivilligt.<br \/>\nDet po\u00e4ngterade J\u00e4garef\u00f6rbundets Daniel Lign\u00e9 under ett seminarium<br \/>\narrangerat av Sveriges Vildnad p\u00e5 H\u00f6gloftet p\u00e5 Skansen<br \/>\nden 2 december. Seminariet handlade om betydelsen av civilsamh\u00e4llets<br \/>\ninsatser f\u00f6r en framg\u00e5ngsrik viltf\u00f6rvaltning.<br \/>\nDaniels f\u00f6redrag var ett av flera under dagen som<br \/>\nbelyste alla de tusentals frivilliga som ideellt hj\u00e4lper<br \/>\ntill inom vilt- och naturv\u00e5rden i Sverige idag, anstr\u00e4ngningar<br \/>\nsom myndigheter \u00e4r beroende av i sitt arbete.<\/p>\n<p><span style=\"color: #993300\"><em>\u00c4lgen<\/em><\/span><\/p>\n","protected":false},"excerpt":{"rendered":"<p>\u2013 Fler \u00e4n 5 000 efters\u00f6kj\u00e4gare har hittills i \u00e5r sp\u00e5rat en str\u00e4cka som motsvarar hela Sveriges l\u00e4ngd drygt 60 g\u00e5nger eller 94 558 kilometer. Och de g\u00f6r det frivilligt. Det po\u00e4ngterade J\u00e4garef\u00f6rbundets Daniel Lign\u00e9 under ett seminarium arrangerat av Sveriges Vildnad p\u00e5 H\u00f6gloftet p\u00e5 Skansen den 2 december. Seminariet handlade om betydelsen av civilsamh\u00e4llets [&hellip;]<\/p>\n","protected":false},"author":78,"featured_media":0,"comment_status":"open","ping_status":"open","sticky":false,"template":"","format":"standard","meta":{"footnotes":""},"categories":[79],"tags":[],"class_list":["post-5985","post","type-post","status-publish","format-standard","hentry","category-viltolyckor"],"jetpack_featured_media_url":"","_links":{"self":[{"href":"https:\/\/krets.jagareforbundet.se\/folkarna\/wp-json\/wp\/v2\/posts\/5985","targetHints":{"allow":["GET"]}}],"collection":[{"href":"https:\/\/krets.jagareforbundet.se\/folkarna\/wp-json\/wp\/v2\/posts"}],"about":[{"href":"https:\/\/krets.jagareforbundet.se\/folkarna\/wp-json\/wp\/v2\/types\/post"}],"author":[{"embeddable":true,"href":"https:\/\/krets.jagareforbundet.se\/folkarna\/wp-json\/wp\/v2\/users\/78"}],"replies":[{"embeddable":true,"href":"https:\/\/krets.jagareforbundet.se\/folkarna\/wp-json\/wp\/v2\/comments?post=5985"}],"version-history":[{"count":0,"href":"https:\/\/krets.jagareforbundet.se\/folkarna\/wp-json\/wp\/v2\/posts\/5985\/revisions"}],"wp:attachment":[{"href":"https:\/\/krets.jagareforbundet.se\/folkarna\/wp-json\/wp\/v2\/media?parent=5985"}],"wp:term":[{"taxonomy":"category","embeddable":true,"href":"https:\/\/krets.jagareforbundet.se\/folkarna\/wp-json\/wp\/v2\/categories?post=5985"},{"taxonomy":"post_tag","embeddable":true,"href":"https:\/\/krets.jagareforbundet.se\/folkarna\/wp-json\/wp\/v2\/tags?post=5985"}],"curies":[{"name":"wp","href":"https:\/\/api.w.org\/{rel}","templated":true}]}}