{"id":5987,"date":"2016-12-26T13:41:56","date_gmt":"2016-12-26T12:41:56","guid":{"rendered":"https:\/\/krets.jagareforbundet.se\/folkarna\/?p=5987"},"modified":"2016-12-26T13:44:32","modified_gmt":"2016-12-26T12:44:32","slug":"hard-kritik-till-andringar-i-lag-om-vvo","status":"publish","type":"post","link":"https:\/\/krets.jagareforbundet.se\/folkarna\/2016\/12\/26\/hard-kritik-till-andringar-i-lag-om-vvo\/","title":{"rendered":"H\u00e5rd kritik till \u00e4ndringar i lag om VVO"},"content":{"rendered":"<h5><span style=\"color: #ff0000\">Naturv\u00e5rdsverket har l\u00e4mnat f\u00f6rslag till regeringen hur reglerna<\/span><br \/>\n<span style=\"color: #ff0000\">runt viltv\u00e5rdsomr\u00e5den, VVO, skulle kunna f\u00f6rtydligas och<\/span><br \/>\n<span style=\"color: #ff0000\">f\u00f6renklas. J\u00e4garef\u00f6rbundet tycker inte att f\u00f6rslaget motsvarar<\/span><br \/>\n<span style=\"color: #ff0000\">det som regeringen efterfr\u00e5gade<\/span>.<\/h5>\n<h5>\u2013 J\u00e4garef\u00f6rbundet \u00e4r mycket missn\u00f6jt. Vi har mycket synpunkter.<br \/>\nDet finns n\u00e5gra bra saker i f\u00f6rslagen, men det finns mycket<br \/>\nmer som \u00e4r d\u00e5ligt f\u00f6r jakten och j\u00e4garna. F\u00f6rhoppningsvis kan<br \/>\nen hel del av dessa saker r\u00e4ttas till under en remissrunda. Men<br \/>\nvi saknar ocks\u00e5 saker som verket inte tagit upp. Exempelvis<br \/>\nhur man ska hantera m\u00e4nniskor som inte f\u00f6ljer reglerna, s\u00e4ger<br \/>\nriksjaktv\u00e5rdskonsulent Daniel Lign\u00e9.<\/h5>\n<h5>http:\/\/svenskjakt.se\/start\/nyhet\/nya-regler-viltvardsomraden\/<\/h5>\n<h5>http:\/\/svenskjakt.se\/start\/nyhet\/hard-kritik-mot-forslag-om-vvo\/<\/h5>\n","protected":false},"excerpt":{"rendered":"<p>Naturv\u00e5rdsverket har l\u00e4mnat f\u00f6rslag till regeringen hur reglerna runt viltv\u00e5rdsomr\u00e5den, VVO, skulle kunna f\u00f6rtydligas och f\u00f6renklas. J\u00e4garef\u00f6rbundet tycker inte att f\u00f6rslaget motsvarar det som regeringen efterfr\u00e5gade. \u2013 J\u00e4garef\u00f6rbundet \u00e4r mycket missn\u00f6jt. Vi har mycket synpunkter. Det finns n\u00e5gra bra saker i f\u00f6rslagen, men det finns mycket mer som \u00e4r d\u00e5ligt f\u00f6r jakten och j\u00e4garna. F\u00f6rhoppningsvis [&hellip;]<\/p>\n","protected":false},"author":78,"featured_media":0,"comment_status":"open","ping_status":"open","sticky":false,"template":"","format":"standard","meta":{"footnotes":""},"categories":[18],"tags":[],"class_list":["post-5987","post","type-post","status-publish","format-standard","hentry","category-jakt-allmant"],"jetpack_featured_media_url":"","_links":{"self":[{"href":"https:\/\/krets.jagareforbundet.se\/folkarna\/wp-json\/wp\/v2\/posts\/5987","targetHints":{"allow":["GET"]}}],"collection":[{"href":"https:\/\/krets.jagareforbundet.se\/folkarna\/wp-json\/wp\/v2\/posts"}],"about":[{"href":"https:\/\/krets.jagareforbundet.se\/folkarna\/wp-json\/wp\/v2\/types\/post"}],"author":[{"embeddable":true,"href":"https:\/\/krets.jagareforbundet.se\/folkarna\/wp-json\/wp\/v2\/users\/78"}],"replies":[{"embeddable":true,"href":"https:\/\/krets.jagareforbundet.se\/folkarna\/wp-json\/wp\/v2\/comments?post=5987"}],"version-history":[{"count":0,"href":"https:\/\/krets.jagareforbundet.se\/folkarna\/wp-json\/wp\/v2\/posts\/5987\/revisions"}],"wp:attachment":[{"href":"https:\/\/krets.jagareforbundet.se\/folkarna\/wp-json\/wp\/v2\/media?parent=5987"}],"wp:term":[{"taxonomy":"category","embeddable":true,"href":"https:\/\/krets.jagareforbundet.se\/folkarna\/wp-json\/wp\/v2\/categories?post=5987"},{"taxonomy":"post_tag","embeddable":true,"href":"https:\/\/krets.jagareforbundet.se\/folkarna\/wp-json\/wp\/v2\/tags?post=5987"}],"curies":[{"name":"wp","href":"https:\/\/api.w.org\/{rel}","templated":true}]}}