{"id":6061,"date":"2017-03-02T09:53:45","date_gmt":"2017-03-02T08:53:45","guid":{"rendered":"https:\/\/krets.jagareforbundet.se\/folkarna\/?p=6061"},"modified":"2017-03-02T09:56:57","modified_gmt":"2017-03-02T08:56:57","slug":"lodjursjakten-2017","status":"publish","type":"post","link":"https:\/\/krets.jagareforbundet.se\/folkarna\/2017\/03\/02\/lodjursjakten-2017\/","title":{"rendered":"Lodjursjakten 2017"},"content":{"rendered":"<p>Lodjursjakten \u00e4r avbl\u00e5st.<\/p>\n<p>F\u00f6r FKVK-FoJVK\u00a0del visade 36 j\u00e4gare sitt intresse, hur m\u00e5nga av dessa som verkligen var ute och beredda vet man ju ej, detta g\u00f6r att till kommande jakt f\u00f6resl\u00e5s en uppdelning vid sp\u00e5rning och den initiala jakten efter ringning till de tre ursprungliga kretsarna Grytn\u00e4s-Folk\u00e4rna &#8211; By, vid behov ansluts sedan en krets i taget efter att ointresserade j\u00e4garna \u00e5kt hem.<\/p>\n<p>Denna g\u00e5ng rapporterades inte att ringning skett, och vart samling skulle ske via SMS.<\/p>\n<p>\u00c5ke Berglund<\/p>\n<p>&nbsp;<\/p>\n","protected":false},"excerpt":{"rendered":"<p>Lodjursjakten \u00e4r avbl\u00e5st. F\u00f6r FKVK-FoJVK\u00a0del visade 36 j\u00e4gare sitt intresse, hur m\u00e5nga av dessa som verkligen var ute och beredda vet man ju ej, detta g\u00f6r att till kommande jakt f\u00f6resl\u00e5s en uppdelning vid sp\u00e5rning och den initiala jakten efter ringning till de tre ursprungliga kretsarna Grytn\u00e4s-Folk\u00e4rna &#8211; By, vid behov ansluts sedan en krets [&hellip;]<\/p>\n","protected":false},"author":78,"featured_media":0,"comment_status":"open","ping_status":"open","sticky":false,"template":"","format":"standard","meta":{"footnotes":""},"categories":[18,15],"tags":[],"class_list":["post-6061","post","type-post","status-publish","format-standard","hentry","category-jakt-allmant","category-rovdjur"],"jetpack_featured_media_url":"","_links":{"self":[{"href":"https:\/\/krets.jagareforbundet.se\/folkarna\/wp-json\/wp\/v2\/posts\/6061","targetHints":{"allow":["GET"]}}],"collection":[{"href":"https:\/\/krets.jagareforbundet.se\/folkarna\/wp-json\/wp\/v2\/posts"}],"about":[{"href":"https:\/\/krets.jagareforbundet.se\/folkarna\/wp-json\/wp\/v2\/types\/post"}],"author":[{"embeddable":true,"href":"https:\/\/krets.jagareforbundet.se\/folkarna\/wp-json\/wp\/v2\/users\/78"}],"replies":[{"embeddable":true,"href":"https:\/\/krets.jagareforbundet.se\/folkarna\/wp-json\/wp\/v2\/comments?post=6061"}],"version-history":[{"count":0,"href":"https:\/\/krets.jagareforbundet.se\/folkarna\/wp-json\/wp\/v2\/posts\/6061\/revisions"}],"wp:attachment":[{"href":"https:\/\/krets.jagareforbundet.se\/folkarna\/wp-json\/wp\/v2\/media?parent=6061"}],"wp:term":[{"taxonomy":"category","embeddable":true,"href":"https:\/\/krets.jagareforbundet.se\/folkarna\/wp-json\/wp\/v2\/categories?post=6061"},{"taxonomy":"post_tag","embeddable":true,"href":"https:\/\/krets.jagareforbundet.se\/folkarna\/wp-json\/wp\/v2\/tags?post=6061"}],"curies":[{"name":"wp","href":"https:\/\/api.w.org\/{rel}","templated":true}]}}