{"id":6091,"date":"2017-04-01T08:54:54","date_gmt":"2017-04-01T06:54:54","guid":{"rendered":"https:\/\/krets.jagareforbundet.se\/folkarna\/?p=6091"},"modified":"2017-04-01T08:56:10","modified_gmt":"2017-04-01T06:56:10","slug":"inventering","status":"publish","type":"post","link":"https:\/\/krets.jagareforbundet.se\/folkarna\/2017\/04\/01\/inventering\/","title":{"rendered":"Inventering"},"content":{"rendered":"<p>Enbart om j\u00e4garna och deras organisationer deltar aktivt i<br \/>\ninventerings- och f\u00f6rvaltningsarbetet finns det m\u00f6jlighet att f\u00e5<br \/>\ntill en fungerande adaptiv rovdjurf\u00f6rvaltning som tar h\u00e4nsyn<br \/>\ntill de m\u00e4nniskor som ber\u00f6rs. J\u00e4garef\u00f6rbundets st\u00e4llningstagande<br \/>\n\u00e4r d\u00e4rf\u00f6r glasklart och utg\u00e5r ocks\u00e5 fr\u00e5n de motioner<br \/>\nsom antagits av \u00e5rsst\u00e4mmorna 2013, 2015 och 2016.<br \/>\nJ\u00e4gark\u00e5ren har med sin spridning \u00f6ver landet och sin kunskap<br \/>\nen s\u00e4rst\u00e4llning n\u00e4r det g\u00e4ller att samla in information som<br \/>\nbidrar till en b\u00e4ttre viltf\u00f6rvaltning.<br \/>\n\u2013 Vi ska framf\u00f6ra och driva v\u00e5ra \u00e5sikter i kontakt med beslutsfattare<br \/>\noch myndigheter. Att \u00f6verl\u00e5ta kunskapsinh\u00e4mtande,<br \/>\nsammanst\u00e4llning och tolkningar till enbart forskare och myndigheter<br \/>\nkommer aldrig att vara J\u00e4garef\u00f6rbundets linje.<\/p>\n<p>Torbj\u00f6rn L\u00f6vbom<\/p>\n","protected":false},"excerpt":{"rendered":"<p>Enbart om j\u00e4garna och deras organisationer deltar aktivt i inventerings- och f\u00f6rvaltningsarbetet finns det m\u00f6jlighet att f\u00e5 till en fungerande adaptiv rovdjurf\u00f6rvaltning som tar h\u00e4nsyn till de m\u00e4nniskor som ber\u00f6rs. J\u00e4garef\u00f6rbundets st\u00e4llningstagande \u00e4r d\u00e4rf\u00f6r glasklart och utg\u00e5r ocks\u00e5 fr\u00e5n de motioner som antagits av \u00e5rsst\u00e4mmorna 2013, 2015 och 2016. J\u00e4gark\u00e5ren har med sin spridning \u00f6ver [&hellip;]<\/p>\n","protected":false},"author":78,"featured_media":0,"comment_status":"open","ping_status":"open","sticky":false,"template":"","format":"standard","meta":{"footnotes":""},"categories":[15],"tags":[],"class_list":["post-6091","post","type-post","status-publish","format-standard","hentry","category-rovdjur"],"jetpack_featured_media_url":"","_links":{"self":[{"href":"https:\/\/krets.jagareforbundet.se\/folkarna\/wp-json\/wp\/v2\/posts\/6091","targetHints":{"allow":["GET"]}}],"collection":[{"href":"https:\/\/krets.jagareforbundet.se\/folkarna\/wp-json\/wp\/v2\/posts"}],"about":[{"href":"https:\/\/krets.jagareforbundet.se\/folkarna\/wp-json\/wp\/v2\/types\/post"}],"author":[{"embeddable":true,"href":"https:\/\/krets.jagareforbundet.se\/folkarna\/wp-json\/wp\/v2\/users\/78"}],"replies":[{"embeddable":true,"href":"https:\/\/krets.jagareforbundet.se\/folkarna\/wp-json\/wp\/v2\/comments?post=6091"}],"version-history":[{"count":1,"href":"https:\/\/krets.jagareforbundet.se\/folkarna\/wp-json\/wp\/v2\/posts\/6091\/revisions"}],"predecessor-version":[{"id":6092,"href":"https:\/\/krets.jagareforbundet.se\/folkarna\/wp-json\/wp\/v2\/posts\/6091\/revisions\/6092"}],"wp:attachment":[{"href":"https:\/\/krets.jagareforbundet.se\/folkarna\/wp-json\/wp\/v2\/media?parent=6091"}],"wp:term":[{"taxonomy":"category","embeddable":true,"href":"https:\/\/krets.jagareforbundet.se\/folkarna\/wp-json\/wp\/v2\/categories?post=6091"},{"taxonomy":"post_tag","embeddable":true,"href":"https:\/\/krets.jagareforbundet.se\/folkarna\/wp-json\/wp\/v2\/tags?post=6091"}],"curies":[{"name":"wp","href":"https:\/\/api.w.org\/{rel}","templated":true}]}}