{"id":6093,"date":"2017-04-01T09:02:10","date_gmt":"2017-04-01T07:02:10","guid":{"rendered":"https:\/\/krets.jagareforbundet.se\/folkarna\/?p=6093"},"modified":"2017-04-01T09:02:10","modified_gmt":"2017-04-01T07:02:10","slug":"endast-6","status":"publish","type":"post","link":"https:\/\/krets.jagareforbundet.se\/folkarna\/2017\/04\/01\/endast-6\/","title":{"rendered":"Endast 6"},"content":{"rendered":"<p>Sex organisationer g\u00f6r gemensam sak och kritiserar regeringen f\u00f6r de f\u00f6r\u00e4ndringar av Viltf\u00f6rvaltningsdelegationerna som\u00a0skedde den 23 februari. De sex organisationerna \u00e4r <strong>Svenska<\/strong><br \/>\n<strong>J\u00e4garef\u00f6rbundet, Lantbrukarnas Riksf\u00f6rbund, Sveriges Jord\u00e4garef\u00f6rbund,<\/strong><br \/>\n<strong>Skogsindustrierna, Bergvik och Svenska F\u00e5ravelsf\u00f6rbundet.<\/strong><br \/>\nI en debattartikel skriver man bland annat:<\/p>\n<p>\u201d Tanken bakom Viltf\u00f6rvaltningsdelegationerna \u00e4r att skapa\u00a0en lokal f\u00f6rankring i l\u00e4nen f\u00f6r viltf\u00f6rvaltningen och att flytta\u00a0besluten n\u00e4rmare de som ber\u00f6rs. Ett annat syfte var att ge<br \/>\nf\u00f6ruts\u00e4ttningar f\u00f6r en effektiv och adaptiv viltf\u00f6rvaltning p\u00e5\u00a0l\u00e4nsniv\u00e5. Genom att ge naturv\u00e5rds- och milj\u00f6organisationer\u00a0dubbelt mandat i delegationerna rubbas den \u201dbalans\u201d regeringen<br \/>\ns\u00e4ger sig vilja v\u00e4rna. Dessutom sker detta utan en trov\u00e4rdig\u00a0motivering eller ens st\u00f6d i de enk\u00e4tsvar som avgivits av\u00a0l\u00e4nsstyrelserna. S\u00e5som regeringen nu har beslutat anser vi att<br \/>\nViltf\u00f6rvaltningsdelegationen inte \u00e4r representativ f\u00f6r viltf\u00f6rvaltningsintresset\u00a0i l\u00e4nen. Trov\u00e4rdigheten f\u00f6r delegationerna\u00a0bygger p\u00e5 en rimlig representativitet av de intressen som p\u00e5verkas\u00a0av besluten. Den riktning och p\u00e5 det s\u00e4tt som regeringen\u00a0nu beslutar skulle aldrig accepteras i andra demokratiska eller<br \/>\nrepresentativa sammanhang.\u201d<\/p>\n<p>L\u00e4s hela debattartikeln p\u00e5<br \/>\nhttps:\/\/jagareforbundet.se\/aktuellt<\/p>\n<p>Vad s\u00e4ger Riks J\u00e4garna ?<\/p>\n","protected":false},"excerpt":{"rendered":"<p>Sex organisationer g\u00f6r gemensam sak och kritiserar regeringen f\u00f6r de f\u00f6r\u00e4ndringar av Viltf\u00f6rvaltningsdelegationerna som\u00a0skedde den 23 februari. De sex organisationerna \u00e4r Svenska J\u00e4garef\u00f6rbundet, Lantbrukarnas Riksf\u00f6rbund, Sveriges Jord\u00e4garef\u00f6rbund, Skogsindustrierna, Bergvik och Svenska F\u00e5ravelsf\u00f6rbundet. I en debattartikel skriver man bland annat: \u201d Tanken bakom Viltf\u00f6rvaltningsdelegationerna \u00e4r att skapa\u00a0en lokal f\u00f6rankring i l\u00e4nen f\u00f6r viltf\u00f6rvaltningen och att flytta\u00a0besluten [&hellip;]<\/p>\n","protected":false},"author":78,"featured_media":0,"comment_status":"open","ping_status":"open","sticky":false,"template":"","format":"standard","meta":{"footnotes":""},"categories":[18],"tags":[],"class_list":["post-6093","post","type-post","status-publish","format-standard","hentry","category-jakt-allmant"],"jetpack_featured_media_url":"","_links":{"self":[{"href":"https:\/\/krets.jagareforbundet.se\/folkarna\/wp-json\/wp\/v2\/posts\/6093","targetHints":{"allow":["GET"]}}],"collection":[{"href":"https:\/\/krets.jagareforbundet.se\/folkarna\/wp-json\/wp\/v2\/posts"}],"about":[{"href":"https:\/\/krets.jagareforbundet.se\/folkarna\/wp-json\/wp\/v2\/types\/post"}],"author":[{"embeddable":true,"href":"https:\/\/krets.jagareforbundet.se\/folkarna\/wp-json\/wp\/v2\/users\/78"}],"replies":[{"embeddable":true,"href":"https:\/\/krets.jagareforbundet.se\/folkarna\/wp-json\/wp\/v2\/comments?post=6093"}],"version-history":[{"count":0,"href":"https:\/\/krets.jagareforbundet.se\/folkarna\/wp-json\/wp\/v2\/posts\/6093\/revisions"}],"wp:attachment":[{"href":"https:\/\/krets.jagareforbundet.se\/folkarna\/wp-json\/wp\/v2\/media?parent=6093"}],"wp:term":[{"taxonomy":"category","embeddable":true,"href":"https:\/\/krets.jagareforbundet.se\/folkarna\/wp-json\/wp\/v2\/categories?post=6093"},{"taxonomy":"post_tag","embeddable":true,"href":"https:\/\/krets.jagareforbundet.se\/folkarna\/wp-json\/wp\/v2\/tags?post=6093"}],"curies":[{"name":"wp","href":"https:\/\/api.w.org\/{rel}","templated":true}]}}