{"id":6210,"date":"2017-07-04T20:38:09","date_gmt":"2017-07-04T18:38:09","guid":{"rendered":"https:\/\/krets.jagareforbundet.se\/folkarna\/?p=6210"},"modified":"2017-07-04T20:38:09","modified_gmt":"2017-07-04T18:38:09","slug":"viltkameror","status":"publish","type":"post","link":"https:\/\/krets.jagareforbundet.se\/folkarna\/2017\/07\/04\/viltkameror\/","title":{"rendered":"Viltkameror"},"content":{"rendered":"<form id=\"form2\" action=\"\/aktuellt\/forbundsnyheter\/2017\/06\/viktigt-med-enkla-regler-for-viltkameror\/\" method=\"post\">\n<div id=\"pageWrap\">\n<div class=\"clearfix\" id=\"content\">\n<div id=\"fullCol\">\n<div id=\"largeCol\">\n<div class=\"content clearfix\">\n<div class=\"leftCol leftColLarge newsList\">\n<div class=\"newsItem newsItemFull newsItemLargeLast\">\n<h1>Viktigt med enkla regler f\u00f6r viltkameror<\/h1>\n<p class=\"intro\">Den statliga utredaren Susanne Kaevergaard vill f\u00f6renkla reglerna f\u00f6r vilt\/\u00e5telkameror. \u2013 Viltkameror har ett brett anv\u00e4ndningsomr\u00e5de och g\u00f6r viltf\u00f6rvaltningen b\u00e4ttre. Vi v\u00e4lkomnar utredningens f\u00f6rslag, s\u00e4ger Svenska J\u00e4garef\u00f6rbundets generalsekreterare Bo Sk\u00f6ld.<\/p>\n<p class=\"date\">2017-06-22<\/p>\n<div>\n<p>Viltkameror \u2013 eller \u00e5telkameror som de ocks\u00e5 kallas \u2013 anv\u00e4nds p\u00e5 m\u00e5nga olika s\u00e4tt inom viltf\u00f6rvaltningen. De kan anv\u00e4ndas f\u00f6r olika inventeringar och kunna stoppa invasiva arter som m\u00e5rdhund, men \u00e4ven f\u00f6r att underl\u00e4tta jakt p\u00e5 exempelvis vildsvin. Det finns med andra ord ett stort anv\u00e4ndningsomr\u00e5de och behovet v\u00e4xer. Nuvarande lagstiftning kr\u00e4ver tillst\u00e5nd fr\u00e5n l\u00e4nsstyrelser och \u00e4r f\u00f6rknippat med relativt h\u00f6ga kostnader.<br \/>\nNu har utredaren Susanne Kaevergaard utrett kamera\u00f6vervakningslagen och f\u00f6reslagit f\u00f6r\u00e4ndringar, som ocks\u00e5 omfattar viltkamerorna.<br \/>\n\u2013 Svenska J\u00e4garef\u00f6rbundet har arbetat med denna fr\u00e5ga i m\u00e5nga \u00e5r och vi \u00e4r n\u00f6jda med utredarens f\u00f6rslag, s\u00e4ger Bo Sk\u00f6ld.<br \/>\nEnligt utredaren ska det inte beh\u00f6vs tillst\u00e5nd eller anm\u00e4lningskrav f\u00f6r viltkameror av privatpersoner, d\u00e4remot kan det st\u00e4llas krav ifall myndigheter ska anv\u00e4nda dessa.<br \/>\n\u2013 Vi g\u00f6r tolkningen att en j\u00e4gare kan anv\u00e4nda dessa b\u00e5de till inventeringar, \u00e5tlar och andra saker \u2013 s\u00e5 l\u00e4nge kameran anv\u00e4nds f\u00f6r att fotografera vilt. D\u00e4remot kan det komma att kr\u00e4vas m\u00e4rkning av kamerorna, vilket avsev\u00e4rt f\u00f6rsv\u00e5rar anv\u00e4ndningen, beroende p\u00e5 hur regelverket ser ut. H\u00e4r kr\u00e4vs ett bra arbete f\u00f6r att syftet med viltkamerorna verkligen uppfylls, s\u00e4ger Bo Sk\u00f6ld.<br \/>\nUtredaren f\u00f6resl\u00e5r att reglerna ska b\u00f6rja g\u00e4lla den 25 maj 2018, samtidigt som den nya dataskyddsf\u00f6rordningen som hanterar personuppgifter kommer att tr\u00e4da ikraft. Nu kommer regeringen avg\u00f6ra ifall utredningen ska g\u00e5 p\u00e5 remiss och d\u00e4refter best\u00e4mma om den ska l\u00e4gga en proposition till riksdagen.<br \/>\n\u2013 Vi hoppas att alla ser f\u00f6rdelarna med viltkameror och hur de kommer att underl\u00e4tta och f\u00f6rb\u00e4ttra viltf\u00f6rvaltningen. Detta \u00e4r positivt och b\u00f6r inf\u00f6ras i lagstiftningen s\u00e5 snart som m\u00f6jligt, s\u00e4ger <strong>Bo Sk\u00f6ld<\/strong>.<\/p>\n<\/div>\n<\/div>\n<\/div>\n<\/div>\n<\/div>\n<\/div>\n<\/div>\n<\/div>\n<\/form>\n","protected":false},"excerpt":{"rendered":"<p>Viktigt med enkla regler f\u00f6r viltkameror Den statliga utredaren Susanne Kaevergaard vill f\u00f6renkla reglerna f\u00f6r vilt\/\u00e5telkameror. \u2013 Viltkameror har ett brett anv\u00e4ndningsomr\u00e5de och g\u00f6r viltf\u00f6rvaltningen b\u00e4ttre. Vi v\u00e4lkomnar utredningens f\u00f6rslag, s\u00e4ger Svenska J\u00e4garef\u00f6rbundets generalsekreterare Bo Sk\u00f6ld. 2017-06-22 Viltkameror \u2013 eller \u00e5telkameror som de ocks\u00e5 kallas \u2013 anv\u00e4nds p\u00e5 m\u00e5nga olika s\u00e4tt inom viltf\u00f6rvaltningen. De kan [&hellip;]<\/p>\n","protected":false},"author":78,"featured_media":0,"comment_status":"open","ping_status":"open","sticky":false,"template":"","format":"standard","meta":{"footnotes":""},"categories":[17],"tags":[],"class_list":["post-6210","post","type-post","status-publish","format-standard","hentry","category-vildsvin"],"jetpack_featured_media_url":"","_links":{"self":[{"href":"https:\/\/krets.jagareforbundet.se\/folkarna\/wp-json\/wp\/v2\/posts\/6210","targetHints":{"allow":["GET"]}}],"collection":[{"href":"https:\/\/krets.jagareforbundet.se\/folkarna\/wp-json\/wp\/v2\/posts"}],"about":[{"href":"https:\/\/krets.jagareforbundet.se\/folkarna\/wp-json\/wp\/v2\/types\/post"}],"author":[{"embeddable":true,"href":"https:\/\/krets.jagareforbundet.se\/folkarna\/wp-json\/wp\/v2\/users\/78"}],"replies":[{"embeddable":true,"href":"https:\/\/krets.jagareforbundet.se\/folkarna\/wp-json\/wp\/v2\/comments?post=6210"}],"version-history":[{"count":0,"href":"https:\/\/krets.jagareforbundet.se\/folkarna\/wp-json\/wp\/v2\/posts\/6210\/revisions"}],"wp:attachment":[{"href":"https:\/\/krets.jagareforbundet.se\/folkarna\/wp-json\/wp\/v2\/media?parent=6210"}],"wp:term":[{"taxonomy":"category","embeddable":true,"href":"https:\/\/krets.jagareforbundet.se\/folkarna\/wp-json\/wp\/v2\/categories?post=6210"},{"taxonomy":"post_tag","embeddable":true,"href":"https:\/\/krets.jagareforbundet.se\/folkarna\/wp-json\/wp\/v2\/tags?post=6210"}],"curies":[{"name":"wp","href":"https:\/\/api.w.org\/{rel}","templated":true}]}}