{"id":6219,"date":"2017-07-10T19:26:50","date_gmt":"2017-07-10T17:26:50","guid":{"rendered":"https:\/\/krets.jagareforbundet.se\/folkarna\/?p=6219"},"modified":"2017-07-10T19:27:37","modified_gmt":"2017-07-10T17:27:37","slug":"matning-av-vildsvin","status":"publish","type":"post","link":"https:\/\/krets.jagareforbundet.se\/folkarna\/2017\/07\/10\/matning-av-vildsvin\/","title":{"rendered":"Matning av vildsvin"},"content":{"rendered":"<p>Utfodring &#8211; \u00a0s\u00e5 tycker vi(SJF) Saxat fr\u00e5n SJF Hemsida skrivet av Fredrik Widemo Forskningssamordnare<\/p>\n<p><span style=\"color: #ff0000\">Utfodring \u2013 s\u00e5 tycker bloggaren efter samtal med FJVK vildsvinssammordnare [2017-07-10]<\/span><\/p>\n<p>Viltstammarna ska regleras med jakt, inte sv\u00e4lt.<\/p>\n<p><span style=\"color: #ff0000\"><em>Viltstammarna ska regleras med jakt, de flesta kl\u00f6vdjur reglerar sj\u00e4lv sin populationstillv\u00e4xt genom antalet kullar och antal individer i kullarna, beroende p\u00e5 tillg\u00e5ng p\u00e5 f\u00f6da<\/em>.<\/span><\/p>\n<p>J\u00e4garef\u00f6rbundet delar inte bed\u00f6mningen att det g\u00e5r att s\u00e4nka \u00f6verlevnad och reproduktion genom att minska utfodringen, utan att viltet sv\u00e4lter.<\/p>\n<p><em><span style=\"color: #ff0000\">Vi som jagar vildsvin n\u00e4ra utbredningsomr\u00e5dets norrgr\u00e4ns m\u00f6ter d\u00e4r i dag inga utm\u00e4rglade djur<\/span><\/em><\/p>\n<p>J\u00e4gare och mark\u00e4gare \u00e4r alltid skyldiga att reglera viltstammarna om det beh\u00f6vs. \u00d6kar man \u00f6verlevnad och reproduktion genom utfodring har man sj\u00e4lvfallet ett extra stort ansvar.<\/p>\n<p><span style=\"color: #ff0000\"><em>St\u00f6rst ansvar har de j\u00e4gare och jagande mark\u00e4gare som \u00f6kar reproduktionen genom on\u00f6dig och f\u00f6r stor utfodring<\/em>.<\/span><\/p>\n<p>SLU:s (Sveriges Lantbruksuniversitet) unders\u00f6kningar visar att j\u00e4gare som utfodrar vildsvin skjuter klart fler vildsvin per hektar \u00e4n de som har vildsvin men inte utfodrar.<\/p>\n<p><span style=\"color: #ff0000\"><em>SLU:s. (Sveriges Lantbruksuniversitet) unders\u00f6kningar skall tolkas som att sambandet j\u00e4gare som utfodrar och j\u00e4gare som ej utfodrar, helt \u00e4r beroende av intresset f\u00f6r vildsvinsjakt i de tv\u00e5 grupperna.<\/em><\/span><\/p>\n<p>Vi utfodrar viltet f\u00f6r att minska sv\u00e4lt och lidande, men \u00e4ven f\u00f6r att \u00f6ka reproduktionen och \u00f6verlevnaden. Det g\u00f6r att vi kan beskatta stammarna genom jakt ist\u00e4llet f\u00f6r att viltet sv\u00e4lter ihj\u00e4l. Det \u00e4r inte konstigare \u00e4n att g\u00f6dsla en \u00e5ker eller skogen f\u00f6r att \u00f6ka produktionen.<\/p>\n<p><span style=\"color: #ff0000\"><em>Vi utfodrar viltet f\u00f6r att kunna h\u00e5lla populationen p\u00e5 en niv\u00e5 d\u00e4r skadorna \u00e4r acceptabla genom jakt inte f\u00f6r att \u00f6ka populationerna s\u00e5 jakten kan \u00f6kas. Inte konstigare \u00e4n att \u00f6verg\u00f6dsla \u00e5krar.<\/em><\/span><\/p>\n<p>Begr\u00e4nsas r\u00e4tten att utfodra vilt kommer m\u00e5nga j\u00e4gare s\u00e4kert att minska sin avskjutning, vilket kan leda till \u00f6kande ist\u00e4llet f\u00f6r minskande skador.<\/p>\n<p><span style=\"color: #ff0000\"><em>Begr\u00e4nsas r\u00e4tten att utfodra vilt kommer m\u00e5nga j\u00e4gare f\u00f6rst\u00e5 problemen och inr\u00e4tta antalet utfordringar d\u00e4refter.<\/em><\/span><\/p>\n<p>All erfarenhet visar att vi beh\u00f6ver mer samverkan. Det \u00e4r p\u00e5 det s\u00e4ttet vi hittills stoppat tillv\u00e4xten f\u00f6r vildsvinsstammen, vilket \u00e4r v\u00e4rldsunikt.<\/p>\n<p><span style=\"color: #ff0000\"><em>All erfarenhet visar att vi beh\u00f6ver mer samverkan detta f\u00f6r att p\u00e5 det viset inte bara stoppa tillv\u00e4xten utan ocks\u00e5 reglera populationerna, genom jakt samordnade populationsber\u00e4kningar, med tex.. kamera \u00f6vervakning och m\u00f6jligheter till akutinsatser genom webbaserade system.<\/em><\/span><\/p>\n<p>Mer \u00e4n h\u00e4lften av alla vildsvin skjuts p\u00e5 \u00e5tel. Alla former av regleringar av hur man f\u00e5r \u00e5tla in vildsvin f\u00f6r att f\u00f6renkla jakt skulle sannolikt att minska avskjutningen av vildsvin.<\/p>\n<p><span style=\"color: #ff0000\"><em>Att mer \u00e4n h\u00e4lften av alla vildsvin skjuts p\u00e5 \u00e5tel h\u00e4vdas av SJF tyder p\u00e5 att forskningssamordnaren ej kan skilja p\u00e5 \u00e5tel och fordring.<\/em><\/span><\/p>\n<p><span style=\"color: #ff0000\"><em>\u00a0<\/em><em>Svinet<\/em><\/span><\/p>\n","protected":false},"excerpt":{"rendered":"<p>Utfodring &#8211; \u00a0s\u00e5 tycker vi(SJF) Saxat fr\u00e5n SJF Hemsida skrivet av Fredrik Widemo Forskningssamordnare Utfodring \u2013 s\u00e5 tycker bloggaren efter samtal med FJVK vildsvinssammordnare [2017-07-10] Viltstammarna ska regleras med jakt, inte sv\u00e4lt. Viltstammarna ska regleras med jakt, de flesta kl\u00f6vdjur reglerar sj\u00e4lv sin populationstillv\u00e4xt genom antalet kullar och antal individer i kullarna, beroende p\u00e5 tillg\u00e5ng [&hellip;]<\/p>\n","protected":false},"author":78,"featured_media":0,"comment_status":"open","ping_status":"open","sticky":false,"template":"","format":"standard","meta":{"footnotes":""},"categories":[17],"tags":[],"class_list":["post-6219","post","type-post","status-publish","format-standard","hentry","category-vildsvin"],"jetpack_featured_media_url":"","_links":{"self":[{"href":"https:\/\/krets.jagareforbundet.se\/folkarna\/wp-json\/wp\/v2\/posts\/6219","targetHints":{"allow":["GET"]}}],"collection":[{"href":"https:\/\/krets.jagareforbundet.se\/folkarna\/wp-json\/wp\/v2\/posts"}],"about":[{"href":"https:\/\/krets.jagareforbundet.se\/folkarna\/wp-json\/wp\/v2\/types\/post"}],"author":[{"embeddable":true,"href":"https:\/\/krets.jagareforbundet.se\/folkarna\/wp-json\/wp\/v2\/users\/78"}],"replies":[{"embeddable":true,"href":"https:\/\/krets.jagareforbundet.se\/folkarna\/wp-json\/wp\/v2\/comments?post=6219"}],"version-history":[{"count":0,"href":"https:\/\/krets.jagareforbundet.se\/folkarna\/wp-json\/wp\/v2\/posts\/6219\/revisions"}],"wp:attachment":[{"href":"https:\/\/krets.jagareforbundet.se\/folkarna\/wp-json\/wp\/v2\/media?parent=6219"}],"wp:term":[{"taxonomy":"category","embeddable":true,"href":"https:\/\/krets.jagareforbundet.se\/folkarna\/wp-json\/wp\/v2\/categories?post=6219"},{"taxonomy":"post_tag","embeddable":true,"href":"https:\/\/krets.jagareforbundet.se\/folkarna\/wp-json\/wp\/v2\/tags?post=6219"}],"curies":[{"name":"wp","href":"https:\/\/api.w.org\/{rel}","templated":true}]}}