{"id":6225,"date":"2017-07-20T16:39:30","date_gmt":"2017-07-20T14:39:30","guid":{"rendered":"https:\/\/krets.jagareforbundet.se\/folkarna\/?p=6225"},"modified":"2017-07-20T16:39:30","modified_gmt":"2017-07-20T14:39:30","slug":"statligt-jaktkort","status":"publish","type":"post","link":"https:\/\/krets.jagareforbundet.se\/folkarna\/2017\/07\/20\/statligt-jaktkort\/","title":{"rendered":"Statligt jaktkort"},"content":{"rendered":"<p>Hej saxat fr\u00e5n Sv Jakt<\/p>\n<p><span style=\"color: #993300\"><strong><em>Viltv\u00e5rdsfonden har minskat i fem \u00e5r<\/em><\/strong><\/span><\/p>\n<p><em>Fondens int\u00e4kter har minskat fem \u00e5r i rad eftersom f\u00e4rre betalar det statliga jaktkortet. <\/em><\/p>\n<p><em>Sveriges lantbruksuniversitet, SLU, har i uppdrag att utreda varf\u00f6r jaktkortsl\u00f6sarna <\/em><\/p>\n<p><em>minskat med <strong>15.000<\/strong> personer de senaste fem \u00e5ren.<\/em><\/p>\n<p><em>Professor G\u00f6ran Ericsson vid SLU leder utredningen och anser att en f\u00f6rklaring kan vara <\/em><\/p>\n<p><em>att f\u00e4rre g\u00e5r fr\u00e5n att ta j\u00e4garexamen till att faktiskt bli j\u00e4gare i praktiken, uppger Sveriges Radio.<\/em><\/p>\n<p><em>\u00a0<\/em><\/p>\n<p>Snart dyker det upp en Professor som s\u00e4ger, som jag gjort n\u00e5gra \u00e5r nu.<\/p>\n<p><em><span style=\"color: #993300\">Jakten har g\u00e5tt fr\u00e5n allmogejakt till aff\u00e4rsverksamhet, vi f\u00e5r inte in nya lokala unga j\u00e4gare utan<\/span><\/em><\/p>\n<p><em><span style=\"color: #993300\">ers\u00e4ttning av de avg\u00e5ngna \u00e4ldre j\u00e4garna, sker genom p\u00e5fyllnad med medel\u00e5lders stadsbor, utan<\/span><\/em><\/p>\n<p><em><span style=\"color: #993300\">krav p\u00e5 att uppvisa statligt jaktkort, r\u00e4cker att betala bra arrende och l\u00f6sa jaktr\u00e4ttskort.<\/span><\/em><\/p>\n<p>&nbsp;<\/p>\n<p><span style=\"color: #800000\"><strong><em>\u00c4lgen<\/em><\/strong><\/span><\/p>\n","protected":false},"excerpt":{"rendered":"<p>Hej saxat fr\u00e5n Sv Jakt Viltv\u00e5rdsfonden har minskat i fem \u00e5r Fondens int\u00e4kter har minskat fem \u00e5r i rad eftersom f\u00e4rre betalar det statliga jaktkortet. Sveriges lantbruksuniversitet, SLU, har i uppdrag att utreda varf\u00f6r jaktkortsl\u00f6sarna minskat med 15.000 personer de senaste fem \u00e5ren. Professor G\u00f6ran Ericsson vid SLU leder utredningen och anser att en f\u00f6rklaring [&hellip;]<\/p>\n","protected":false},"author":78,"featured_media":0,"comment_status":"open","ping_status":"open","sticky":false,"template":"","format":"standard","meta":{"footnotes":""},"categories":[18],"tags":[],"class_list":["post-6225","post","type-post","status-publish","format-standard","hentry","category-jakt-allmant"],"jetpack_featured_media_url":"","_links":{"self":[{"href":"https:\/\/krets.jagareforbundet.se\/folkarna\/wp-json\/wp\/v2\/posts\/6225","targetHints":{"allow":["GET"]}}],"collection":[{"href":"https:\/\/krets.jagareforbundet.se\/folkarna\/wp-json\/wp\/v2\/posts"}],"about":[{"href":"https:\/\/krets.jagareforbundet.se\/folkarna\/wp-json\/wp\/v2\/types\/post"}],"author":[{"embeddable":true,"href":"https:\/\/krets.jagareforbundet.se\/folkarna\/wp-json\/wp\/v2\/users\/78"}],"replies":[{"embeddable":true,"href":"https:\/\/krets.jagareforbundet.se\/folkarna\/wp-json\/wp\/v2\/comments?post=6225"}],"version-history":[{"count":0,"href":"https:\/\/krets.jagareforbundet.se\/folkarna\/wp-json\/wp\/v2\/posts\/6225\/revisions"}],"wp:attachment":[{"href":"https:\/\/krets.jagareforbundet.se\/folkarna\/wp-json\/wp\/v2\/media?parent=6225"}],"wp:term":[{"taxonomy":"category","embeddable":true,"href":"https:\/\/krets.jagareforbundet.se\/folkarna\/wp-json\/wp\/v2\/categories?post=6225"},{"taxonomy":"post_tag","embeddable":true,"href":"https:\/\/krets.jagareforbundet.se\/folkarna\/wp-json\/wp\/v2\/tags?post=6225"}],"curies":[{"name":"wp","href":"https:\/\/api.w.org\/{rel}","templated":true}]}}