{"id":6451,"date":"2018-03-12T14:34:21","date_gmt":"2018-03-12T13:34:21","guid":{"rendered":"https:\/\/krets.jagareforbundet.se\/folkarna\/?p=6451"},"modified":"2018-03-12T14:34:21","modified_gmt":"2018-03-12T13:34:21","slug":"antligen","status":"publish","type":"post","link":"https:\/\/krets.jagareforbundet.se\/folkarna\/2018\/03\/12\/antligen\/","title":{"rendered":"\u00c4ntligen"},"content":{"rendered":"<p>Riksdagens borgerliga opposition \u00e4r inte n\u00f6jd med hur viltf\u00f6rvaltningen bedrivs i l\u00e4nsstyrelserna.<\/p>\n<p>I ett s\u00e5 kallat tillk\u00e4nnagivande uppmanas regeringen att utv\u00e4rdera viltf\u00f6rvaltningsdelegationerna.<\/p>\n<p>Borde inte j\u00e4garna ocks\u00e5 ?<\/p>\n<p><span style=\"color: #993300\"><em>\u00c4lgen<\/em><\/span><\/p>\n","protected":false},"excerpt":{"rendered":"<p>Riksdagens borgerliga opposition \u00e4r inte n\u00f6jd med hur viltf\u00f6rvaltningen bedrivs i l\u00e4nsstyrelserna. I ett s\u00e5 kallat tillk\u00e4nnagivande uppmanas regeringen att utv\u00e4rdera viltf\u00f6rvaltningsdelegationerna. Borde inte j\u00e4garna ocks\u00e5 ? \u00c4lgen<\/p>\n","protected":false},"author":78,"featured_media":0,"comment_status":"open","ping_status":"open","sticky":false,"template":"","format":"standard","meta":{"footnotes":""},"categories":[1],"tags":[],"class_list":["post-6451","post","type-post","status-publish","format-standard","hentry","category-okategoriserade"],"jetpack_featured_media_url":"","_links":{"self":[{"href":"https:\/\/krets.jagareforbundet.se\/folkarna\/wp-json\/wp\/v2\/posts\/6451","targetHints":{"allow":["GET"]}}],"collection":[{"href":"https:\/\/krets.jagareforbundet.se\/folkarna\/wp-json\/wp\/v2\/posts"}],"about":[{"href":"https:\/\/krets.jagareforbundet.se\/folkarna\/wp-json\/wp\/v2\/types\/post"}],"author":[{"embeddable":true,"href":"https:\/\/krets.jagareforbundet.se\/folkarna\/wp-json\/wp\/v2\/users\/78"}],"replies":[{"embeddable":true,"href":"https:\/\/krets.jagareforbundet.se\/folkarna\/wp-json\/wp\/v2\/comments?post=6451"}],"version-history":[{"count":0,"href":"https:\/\/krets.jagareforbundet.se\/folkarna\/wp-json\/wp\/v2\/posts\/6451\/revisions"}],"wp:attachment":[{"href":"https:\/\/krets.jagareforbundet.se\/folkarna\/wp-json\/wp\/v2\/media?parent=6451"}],"wp:term":[{"taxonomy":"category","embeddable":true,"href":"https:\/\/krets.jagareforbundet.se\/folkarna\/wp-json\/wp\/v2\/categories?post=6451"},{"taxonomy":"post_tag","embeddable":true,"href":"https:\/\/krets.jagareforbundet.se\/folkarna\/wp-json\/wp\/v2\/tags?post=6451"}],"curies":[{"name":"wp","href":"https:\/\/api.w.org\/{rel}","templated":true}]}}