{"id":6550,"date":"2018-04-25T09:06:46","date_gmt":"2018-04-25T07:06:46","guid":{"rendered":"https:\/\/krets.jagareforbundet.se\/folkarna\/?p=6550"},"modified":"2018-04-25T09:06:46","modified_gmt":"2018-04-25T07:06:46","slug":"thomas-ekberg","status":"publish","type":"post","link":"https:\/\/krets.jagareforbundet.se\/folkarna\/2018\/04\/25\/thomas-ekberg\/","title":{"rendered":"Thomas Ekberg"},"content":{"rendered":"<p>Avesta hade 19\/4 bes\u00f6k av Thomas Ekberg\u00a0 vid en mycket lyckad J\u00e4gartr\u00e4ff anordnad av v\u00e5r partner Volkswagen Bilmetro i Avesta.<\/p>\n<p>Bilmetro l\u00e4mnar 8 % rabatt p\u00e5 nya bilar till Medlemmar i kretsen.<\/p>\n<p>Han hade m\u00e5nga kloka ord om vildsvin och vildsvinsjakt h\u00e4r n\u00e5gra.<\/p>\n<ul>\n<li>Som att vildsvin kan jagas hur h\u00e5rt som helst, de kommer \u00e4nd\u00e5 att \u00f6ka i population.<\/li>\n<li>Undvik skjuta\u00a0 suggor under yngelperioden, har de inte kultingar kan de ha l\u00e4mnat dem i skydd eller till en dagmamma<\/li>\n<li>Mata aldrig med n\u00e5got s\u00f6tt<\/li>\n<\/ul>\n<p><span style=\"color: #993300\"><em>\u00c4lgen.<\/em><\/span><\/p>\n","protected":false},"excerpt":{"rendered":"<p>Avesta hade 19\/4 bes\u00f6k av Thomas Ekberg\u00a0 vid en mycket lyckad J\u00e4gartr\u00e4ff anordnad av v\u00e5r partner Volkswagen Bilmetro i Avesta. Bilmetro l\u00e4mnar 8 % rabatt p\u00e5 nya bilar till Medlemmar i kretsen. Han hade m\u00e5nga kloka ord om vildsvin och vildsvinsjakt h\u00e4r n\u00e5gra. Som att vildsvin kan jagas hur h\u00e5rt som helst, de kommer \u00e4nd\u00e5 [&hellip;]<\/p>\n","protected":false},"author":78,"featured_media":0,"comment_status":"open","ping_status":"open","sticky":false,"template":"","format":"standard","meta":{"footnotes":""},"categories":[17],"tags":[],"class_list":["post-6550","post","type-post","status-publish","format-standard","hentry","category-vildsvin"],"jetpack_featured_media_url":"","_links":{"self":[{"href":"https:\/\/krets.jagareforbundet.se\/folkarna\/wp-json\/wp\/v2\/posts\/6550","targetHints":{"allow":["GET"]}}],"collection":[{"href":"https:\/\/krets.jagareforbundet.se\/folkarna\/wp-json\/wp\/v2\/posts"}],"about":[{"href":"https:\/\/krets.jagareforbundet.se\/folkarna\/wp-json\/wp\/v2\/types\/post"}],"author":[{"embeddable":true,"href":"https:\/\/krets.jagareforbundet.se\/folkarna\/wp-json\/wp\/v2\/users\/78"}],"replies":[{"embeddable":true,"href":"https:\/\/krets.jagareforbundet.se\/folkarna\/wp-json\/wp\/v2\/comments?post=6550"}],"version-history":[{"count":0,"href":"https:\/\/krets.jagareforbundet.se\/folkarna\/wp-json\/wp\/v2\/posts\/6550\/revisions"}],"wp:attachment":[{"href":"https:\/\/krets.jagareforbundet.se\/folkarna\/wp-json\/wp\/v2\/media?parent=6550"}],"wp:term":[{"taxonomy":"category","embeddable":true,"href":"https:\/\/krets.jagareforbundet.se\/folkarna\/wp-json\/wp\/v2\/categories?post=6550"},{"taxonomy":"post_tag","embeddable":true,"href":"https:\/\/krets.jagareforbundet.se\/folkarna\/wp-json\/wp\/v2\/tags?post=6550"}],"curies":[{"name":"wp","href":"https:\/\/api.w.org\/{rel}","templated":true}]}}