{"id":6607,"date":"2018-05-30T19:19:04","date_gmt":"2018-05-30T17:19:04","guid":{"rendered":"https:\/\/krets.jagareforbundet.se\/folkarna\/?p=6607"},"modified":"2018-05-30T19:19:04","modified_gmt":"2018-05-30T17:19:04","slug":"radjurskid-i-slattern","status":"publish","type":"post","link":"https:\/\/krets.jagareforbundet.se\/folkarna\/2018\/05\/30\/radjurskid-i-slattern\/","title":{"rendered":"R\u00e5djurskid i sl\u00e5ttern"},"content":{"rendered":"<div class=\"equal\" id=\"pageWrap\">\n<div class=\"clearfix\" id=\"pageWrapInner\">\n<div id=\"pageContent\">\n<div class=\"clearfix single-view\" id=\"innerContent\">\n<div class=\"mainCol\">\n<div class=\"newsList\">\n<div class=\"ajax-load-more-wrap blue alm-0\" id=\"ajax-load-more\">\n<div class=\"alm-listing alm-ajax\">\n<div class=\"alm-reveal alm-previous-post post-10696\">\n<p><strong>Danska forskare ska utveckla kameror till lantbruksmaskiner f\u00f6r att f\u00f6rhindra att sm\u00e5vilt d\u00f6r i sl\u00e5tteraggregaten.<\/strong><\/p>\n<div class=\"article\">\n<p>Det \u00e4r vanligt att r\u00e5djurskid, harar och f\u00e5glar faller offer f\u00f6r sl\u00e5ttermaskinerna.<\/p>\n<p>\u2013 Det \u00e4r allvarligt. Dels k\u00f6r man ihj\u00e4l ett vilt djur, sedan g\u00e5r djuren s\u00f6nder s\u00e5 att det blir blod och p\u00e4ls i gr\u00e4set som ska bli mat. Det blir fel bakterier i fodret och farligt f\u00f6r korna, s\u00e4ger Andreas Nilsson, f\u00e4ltf\u00f6rs\u00f6ksledare vid Hush\u00e5llningss\u00e4llskapet i Kristianstad, till Nyteknik.se.<\/p>\n<p>Projektet f\u00e5r en miljon och forskarna vid \u00c5rhus universitet hoppas kunna utveckla kameror som k\u00e4nner igen ett djur och varnar lantbrukaren.<\/p>\n<p><span style=\"color: #993300\"><em>\u00c4lgen<\/em><\/span><\/p>\n<\/div>\n<\/div>\n<\/div>\n<\/div>\n<\/div>\n<\/div>\n<\/div>\n<\/div>\n<\/div>\n<\/div>\n","protected":false},"excerpt":{"rendered":"<p>Danska forskare ska utveckla kameror till lantbruksmaskiner f\u00f6r att f\u00f6rhindra att sm\u00e5vilt d\u00f6r i sl\u00e5tteraggregaten. Det \u00e4r vanligt att r\u00e5djurskid, harar och f\u00e5glar faller offer f\u00f6r sl\u00e5ttermaskinerna. \u2013 Det \u00e4r allvarligt. Dels k\u00f6r man ihj\u00e4l ett vilt djur, sedan g\u00e5r djuren s\u00f6nder s\u00e5 att det blir blod och p\u00e4ls i gr\u00e4set som ska bli mat. [&hellip;]<\/p>\n","protected":false},"author":78,"featured_media":0,"comment_status":"open","ping_status":"open","sticky":false,"template":"","format":"standard","meta":{"footnotes":""},"categories":[78],"tags":[],"class_list":["post-6607","post","type-post","status-publish","format-standard","hentry","category-marker"],"jetpack_featured_media_url":"","_links":{"self":[{"href":"https:\/\/krets.jagareforbundet.se\/folkarna\/wp-json\/wp\/v2\/posts\/6607","targetHints":{"allow":["GET"]}}],"collection":[{"href":"https:\/\/krets.jagareforbundet.se\/folkarna\/wp-json\/wp\/v2\/posts"}],"about":[{"href":"https:\/\/krets.jagareforbundet.se\/folkarna\/wp-json\/wp\/v2\/types\/post"}],"author":[{"embeddable":true,"href":"https:\/\/krets.jagareforbundet.se\/folkarna\/wp-json\/wp\/v2\/users\/78"}],"replies":[{"embeddable":true,"href":"https:\/\/krets.jagareforbundet.se\/folkarna\/wp-json\/wp\/v2\/comments?post=6607"}],"version-history":[{"count":0,"href":"https:\/\/krets.jagareforbundet.se\/folkarna\/wp-json\/wp\/v2\/posts\/6607\/revisions"}],"wp:attachment":[{"href":"https:\/\/krets.jagareforbundet.se\/folkarna\/wp-json\/wp\/v2\/media?parent=6607"}],"wp:term":[{"taxonomy":"category","embeddable":true,"href":"https:\/\/krets.jagareforbundet.se\/folkarna\/wp-json\/wp\/v2\/categories?post=6607"},{"taxonomy":"post_tag","embeddable":true,"href":"https:\/\/krets.jagareforbundet.se\/folkarna\/wp-json\/wp\/v2\/tags?post=6607"}],"curies":[{"name":"wp","href":"https:\/\/api.w.org\/{rel}","templated":true}]}}