{"id":6641,"date":"2018-06-29T09:12:37","date_gmt":"2018-06-29T07:12:37","guid":{"rendered":"https:\/\/krets.jagareforbundet.se\/folkarna\/?p=6641"},"modified":"2018-06-29T09:12:37","modified_gmt":"2018-06-29T07:12:37","slug":"atelkamra","status":"publish","type":"post","link":"https:\/\/krets.jagareforbundet.se\/folkarna\/2018\/06\/29\/atelkamra\/","title":{"rendered":"\u00c5telkamra"},"content":{"rendered":"<p>VILTKAMEROR \u2013 S\u00c5 S\u00c4GER NYA LAGEN<\/p>\n<p>Nya och enklare regler f\u00f6r viltkameror har varit k\u00e4nda och efterl\u00e4ngtade.\u00a0Med den nya kamerabevakningslag som i delar b\u00f6rjade att \u00a0\u00a0g\u00e4lla den 25 maj \u00e4r viltkameror i privat verksamhet inte \u00a0l\u00e4ngre tillst\u00e5ndspliktiga. Den som vill s\u00e4tta upp en viltkamera m\u00e5ste f\u00f6lja GDPR med ett omfattande regelverk, d\u00e4r en av de r\u00e4ttsliga grunderna f\u00f6r kamera\u00f6vervakning \u00e4r att den bara ska anv\u00e4ndas n\u00e4r \u00f6vervakningsintresset v\u00e4ger tyngre \u00e4n det allm\u00e4nna integritetsintresset.<\/p>\n<p>FRIHET UNDER ANSVAR<\/p>\n<p>Tillst\u00e5ndsplikten slopas, och ist\u00e4llet blir det frihet under strikt ansvar.\u00a0\u2013 Om du exempelvis s\u00e4tter en kamera djupt inne i skogen d\u00e4r f\u00e5 m\u00e4nniskor\u00a0r\u00f6r sig s\u00e5 \u00e4r det troligtvis ok, men om du s\u00e4tter den vid ett motionssp\u00e5r d\u00e4r\u00a0m\u00e5nga m\u00e4nniskor kan bli fotograferade s\u00e5 \u00e4r det inte lika s\u00e4kert att det \u00e4r\u00a0lagligt, s\u00e4ger Maria Johansson, bitr\u00e4dande f\u00f6rbundsjurist i Svenska J\u00e4garef\u00f6rbundet.<\/p>\n<p>INGEN PRAXIS<\/p>\n<p>Anv\u00e4ndaren m\u00e5ste sj\u00e4lv g\u00f6ra en bed\u00f6mning, och n\u00e5gon tydlig praxis finns inte. Den nya lagen har inte\u00a0pr\u00f6vats \u00a0r\u00e4ttsligt. Datainspektionen ger p\u00e5 sin hemsida r\u00e5d och v\u00e4gledning om vad som g\u00e4ller. Bland annat m\u00e5ste den som s\u00e4tter upp en kamera ocks\u00e5 s\u00e4tta upp kontaktinformation med namn, telefonnummer, mejladress samt \u00e4ndam\u00e5let med \u00f6vervakningen.<\/p>\n<p>\u00d6VERVAKA HUNDG\u00c5RDEN<\/p>\n<p>\u2013 Det \u00e4r omfattande regler, d\u00e4r J\u00e4garef\u00f6rbundet i sina remissvar f\u00f6rs\u00f6kte f\u00e5 bort kravet p\u00e5 namn i kontaktuppgifterna. Vi tycker att det hade varit b\u00e4ttre att anv\u00e4nda j\u00e4gar-id f\u00f6r att skydda j\u00e4gares identitet, s\u00e4ger Maria Johansson.<\/p>\n<p>Sedan tidigare \u00e4r det ocks\u00e5 till\u00e5tet att \u00f6vervaka garaget, hundg\u00e5rden, jaktstugan eller b\u00e5thuset. S\u00e5 l\u00e4nge\u00a0\u00f6vervakningen sker p\u00e5 privat omr\u00e5de d\u00e4r allm\u00e4nheten inte har tilltr\u00e4de och du som \u00f6vervakar g\u00f6r det som privatperson s\u00e5 \u00e4r det fritt fram och d\u00e4r beh\u00f6ver du inte f\u00f6lja GDPR.<\/p>\n<p>K\u00e4lla : SJF<\/p>\n","protected":false},"excerpt":{"rendered":"<p>VILTKAMEROR \u2013 S\u00c5 S\u00c4GER NYA LAGEN Nya och enklare regler f\u00f6r viltkameror har varit k\u00e4nda och efterl\u00e4ngtade.\u00a0Med den nya kamerabevakningslag som i delar b\u00f6rjade att \u00a0\u00a0g\u00e4lla den 25 maj \u00e4r viltkameror i privat verksamhet inte \u00a0l\u00e4ngre tillst\u00e5ndspliktiga. Den som vill s\u00e4tta upp en viltkamera m\u00e5ste f\u00f6lja GDPR med ett omfattande regelverk, d\u00e4r en av de [&hellip;]<\/p>\n","protected":false},"author":78,"featured_media":0,"comment_status":"open","ping_status":"open","sticky":false,"template":"","format":"standard","meta":{"footnotes":""},"categories":[21,17],"tags":[],"class_list":["post-6641","post","type-post","status-publish","format-standard","hentry","category-jaktlagen","category-vildsvin"],"jetpack_featured_media_url":"","_links":{"self":[{"href":"https:\/\/krets.jagareforbundet.se\/folkarna\/wp-json\/wp\/v2\/posts\/6641","targetHints":{"allow":["GET"]}}],"collection":[{"href":"https:\/\/krets.jagareforbundet.se\/folkarna\/wp-json\/wp\/v2\/posts"}],"about":[{"href":"https:\/\/krets.jagareforbundet.se\/folkarna\/wp-json\/wp\/v2\/types\/post"}],"author":[{"embeddable":true,"href":"https:\/\/krets.jagareforbundet.se\/folkarna\/wp-json\/wp\/v2\/users\/78"}],"replies":[{"embeddable":true,"href":"https:\/\/krets.jagareforbundet.se\/folkarna\/wp-json\/wp\/v2\/comments?post=6641"}],"version-history":[{"count":0,"href":"https:\/\/krets.jagareforbundet.se\/folkarna\/wp-json\/wp\/v2\/posts\/6641\/revisions"}],"wp:attachment":[{"href":"https:\/\/krets.jagareforbundet.se\/folkarna\/wp-json\/wp\/v2\/media?parent=6641"}],"wp:term":[{"taxonomy":"category","embeddable":true,"href":"https:\/\/krets.jagareforbundet.se\/folkarna\/wp-json\/wp\/v2\/categories?post=6641"},{"taxonomy":"post_tag","embeddable":true,"href":"https:\/\/krets.jagareforbundet.se\/folkarna\/wp-json\/wp\/v2\/tags?post=6641"}],"curies":[{"name":"wp","href":"https:\/\/api.w.org\/{rel}","templated":true}]}}