{"id":6642,"date":"2018-06-29T09:23:09","date_gmt":"2018-06-29T07:23:09","guid":{"rendered":"https:\/\/krets.jagareforbundet.se\/folkarna\/?p=6642"},"modified":"2018-06-29T09:23:09","modified_gmt":"2018-06-29T07:23:09","slug":"fastingforskning","status":"publish","type":"post","link":"https:\/\/krets.jagareforbundet.se\/folkarna\/2018\/06\/29\/fastingforskning\/","title":{"rendered":"F\u00e4stingforskning"},"content":{"rendered":"<p>SVA VILL HA\u00a0HJ\u00c4LP MED\u00a0F\u00c4STINGAR<br \/>\nStatens veterin\u00e4rmedicinska anstalt,\u00a0SVA, vill ha hj\u00e4lp med att samla in\u00a0f\u00e4stingar fr\u00e5n norr om Dal\u00e4lven och\u00a0norrut. Alla f\u00e4stingar som skickas in\u00a0till SVA kommer att artbest\u00e4mmas och\u00a0d\u00e4refter analyseras f\u00f6r att unders\u00f6ka\u00a0vilka smittor de b\u00e4r p\u00e5.\u00a0F\u00e4stingen f\u00f6rpackas i v\u00e4l f\u00f6rsluten\u00a0plastp\u00e5se, i folie, eller i ett r\u00f6r eller\u00a0burk med lock. F\u00e4stingen f\u00e5r vara\u00a0levande eller d\u00f6d och flera exemplar\u00a0kan skickas i samma beh\u00e5llare. F\u00f6rst\u00a0ska man dock fylla i ett formul\u00e4r p\u00e5\u00a0SVA:s hemsida med olika uppgifter om\u00a0sitt fynd. Insamlingen p\u00e5g\u00e5r till den\u00a0sista oktober<\/p>\n<a href=\"http:\/\/sva.se\/djurhalsa\/fodersakerhet\/insamling-av-fastingar\" class=\"woo-sc-button  red large\" ><span class=\"woo-\">Till SVA hemsida<\/span><\/a>\n","protected":false},"excerpt":{"rendered":"<p>SVA VILL HA\u00a0HJ\u00c4LP MED\u00a0F\u00c4STINGAR Statens veterin\u00e4rmedicinska anstalt,\u00a0SVA, vill ha hj\u00e4lp med att samla in\u00a0f\u00e4stingar fr\u00e5n norr om Dal\u00e4lven och\u00a0norrut. Alla f\u00e4stingar som skickas in\u00a0till SVA kommer att artbest\u00e4mmas och\u00a0d\u00e4refter analyseras f\u00f6r att unders\u00f6ka\u00a0vilka smittor de b\u00e4r p\u00e5.\u00a0F\u00e4stingen f\u00f6rpackas i v\u00e4l f\u00f6rsluten\u00a0plastp\u00e5se, i folie, eller i ett r\u00f6r eller\u00a0burk med lock. F\u00e4stingen f\u00e5r vara\u00a0levande eller d\u00f6d [&hellip;]<\/p>\n","protected":false},"author":78,"featured_media":0,"comment_status":"open","ping_status":"open","sticky":false,"template":"","format":"standard","meta":{"footnotes":""},"categories":[47],"tags":[],"class_list":["post-6642","post","type-post","status-publish","format-standard","hentry","category-undersokning"],"jetpack_featured_media_url":"","_links":{"self":[{"href":"https:\/\/krets.jagareforbundet.se\/folkarna\/wp-json\/wp\/v2\/posts\/6642","targetHints":{"allow":["GET"]}}],"collection":[{"href":"https:\/\/krets.jagareforbundet.se\/folkarna\/wp-json\/wp\/v2\/posts"}],"about":[{"href":"https:\/\/krets.jagareforbundet.se\/folkarna\/wp-json\/wp\/v2\/types\/post"}],"author":[{"embeddable":true,"href":"https:\/\/krets.jagareforbundet.se\/folkarna\/wp-json\/wp\/v2\/users\/78"}],"replies":[{"embeddable":true,"href":"https:\/\/krets.jagareforbundet.se\/folkarna\/wp-json\/wp\/v2\/comments?post=6642"}],"version-history":[{"count":0,"href":"https:\/\/krets.jagareforbundet.se\/folkarna\/wp-json\/wp\/v2\/posts\/6642\/revisions"}],"wp:attachment":[{"href":"https:\/\/krets.jagareforbundet.se\/folkarna\/wp-json\/wp\/v2\/media?parent=6642"}],"wp:term":[{"taxonomy":"category","embeddable":true,"href":"https:\/\/krets.jagareforbundet.se\/folkarna\/wp-json\/wp\/v2\/categories?post=6642"},{"taxonomy":"post_tag","embeddable":true,"href":"https:\/\/krets.jagareforbundet.se\/folkarna\/wp-json\/wp\/v2\/tags?post=6642"}],"curies":[{"name":"wp","href":"https:\/\/api.w.org\/{rel}","templated":true}]}}