{"id":6647,"date":"2018-06-29T19:30:19","date_gmt":"2018-06-29T17:30:19","guid":{"rendered":"https:\/\/krets.jagareforbundet.se\/folkarna\/?p=6647"},"modified":"2018-06-29T19:30:19","modified_gmt":"2018-06-29T17:30:19","slug":"fallmarkning","status":"publish","type":"post","link":"https:\/\/krets.jagareforbundet.se\/folkarna\/2018\/06\/29\/fallmarkning\/","title":{"rendered":"F\u00e4llm\u00e4rkning"},"content":{"rendered":"<p>Naturv\u00e5rdsverket \u00f6ppnar upp f\u00f6r att f\u00e4llor i framtiden inte ska beh\u00f6va m\u00e4rkas med namn, telefonnummer och adressuppgifter till f\u00e4llans anv\u00e4ndare.<br \/>\nF\u00f6rslaget kommer fr\u00e5n J\u00e4garef\u00f6rbundet. Men \u00e4n s\u00e5 l\u00e4nge m\u00e5ste f\u00e4llorna m\u00e4rkas som tidigare.<\/p>\n","protected":false},"excerpt":{"rendered":"<p>Naturv\u00e5rdsverket \u00f6ppnar upp f\u00f6r att f\u00e4llor i framtiden inte ska beh\u00f6va m\u00e4rkas med namn, telefonnummer och adressuppgifter till f\u00e4llans anv\u00e4ndare. F\u00f6rslaget kommer fr\u00e5n J\u00e4garef\u00f6rbundet. Men \u00e4n s\u00e5 l\u00e4nge m\u00e5ste f\u00e4llorna m\u00e4rkas som tidigare.<\/p>\n","protected":false},"author":78,"featured_media":0,"comment_status":"open","ping_status":"open","sticky":false,"template":"","format":"standard","meta":{"footnotes":""},"categories":[17],"tags":[],"class_list":["post-6647","post","type-post","status-publish","format-standard","hentry","category-vildsvin"],"jetpack_featured_media_url":"","_links":{"self":[{"href":"https:\/\/krets.jagareforbundet.se\/folkarna\/wp-json\/wp\/v2\/posts\/6647","targetHints":{"allow":["GET"]}}],"collection":[{"href":"https:\/\/krets.jagareforbundet.se\/folkarna\/wp-json\/wp\/v2\/posts"}],"about":[{"href":"https:\/\/krets.jagareforbundet.se\/folkarna\/wp-json\/wp\/v2\/types\/post"}],"author":[{"embeddable":true,"href":"https:\/\/krets.jagareforbundet.se\/folkarna\/wp-json\/wp\/v2\/users\/78"}],"replies":[{"embeddable":true,"href":"https:\/\/krets.jagareforbundet.se\/folkarna\/wp-json\/wp\/v2\/comments?post=6647"}],"version-history":[{"count":0,"href":"https:\/\/krets.jagareforbundet.se\/folkarna\/wp-json\/wp\/v2\/posts\/6647\/revisions"}],"wp:attachment":[{"href":"https:\/\/krets.jagareforbundet.se\/folkarna\/wp-json\/wp\/v2\/media?parent=6647"}],"wp:term":[{"taxonomy":"category","embeddable":true,"href":"https:\/\/krets.jagareforbundet.se\/folkarna\/wp-json\/wp\/v2\/categories?post=6647"},{"taxonomy":"post_tag","embeddable":true,"href":"https:\/\/krets.jagareforbundet.se\/folkarna\/wp-json\/wp\/v2\/tags?post=6647"}],"curies":[{"name":"wp","href":"https:\/\/api.w.org\/{rel}","templated":true}]}}