{"id":6731,"date":"2018-09-17T12:11:02","date_gmt":"2018-09-17T10:11:02","guid":{"rendered":"https:\/\/krets.jagareforbundet.se\/folkarna\/?p=6731"},"modified":"2018-09-17T12:11:02","modified_gmt":"2018-09-17T10:11:02","slug":"djursjukdomar","status":"publish","type":"post","link":"https:\/\/krets.jagareforbundet.se\/folkarna\/2018\/09\/17\/djursjukdomar\/","title":{"rendered":"Djursjukdomar"},"content":{"rendered":"<p>Det verkar som vi och v\u00e5r jakt hotas inte bara av \u00f6kade populationer av rovdjur, jaktfientliga grupper utan ocks\u00e5 av n\u00e5gra verkligt allvarliga sjukdomar, s\u00e5dana som om vi inte \u00e4r vaksamma skulle sl\u00e5 ut v\u00e5ra tv\u00e5(3) starkaste kl\u00f6vdjurs populationer, \u00c4lg(R\u00e5djur) och Vildsvin. T\u00e4nker p\u00e5 CWD och Afrikans svinpest.Det kretsen kan g\u00f6ra \u00e4r att sk\u00e4rpa till \u00f6vervakningen av d\u00f6da djur, dvs omedelbart kontakta kretsens viltprovare vi funna sj\u00e4lvd\u00f6da djur och vid avf\u00e5ngning av djur med onormalt beteende. Vilket ocks\u00e5 kan g\u00e4lla djur i viltolyckor.<\/p>\n<p>\u00c5ke Berglund, ordf.<\/p>\n","protected":false},"excerpt":{"rendered":"<p>Det verkar som vi och v\u00e5r jakt hotas inte bara av \u00f6kade populationer av rovdjur, jaktfientliga grupper utan ocks\u00e5 av n\u00e5gra verkligt allvarliga sjukdomar, s\u00e5dana som om vi inte \u00e4r vaksamma skulle sl\u00e5 ut v\u00e5ra tv\u00e5(3) starkaste kl\u00f6vdjurs populationer, \u00c4lg(R\u00e5djur) och Vildsvin. T\u00e4nker p\u00e5 CWD och Afrikans svinpest.Det kretsen kan g\u00f6ra \u00e4r att sk\u00e4rpa till [&hellip;]<\/p>\n","protected":false},"author":78,"featured_media":0,"comment_status":"open","ping_status":"open","sticky":false,"template":"","format":"standard","meta":{"footnotes":""},"categories":[16,20,47,79],"tags":[],"class_list":["post-6731","post","type-post","status-publish","format-standard","hentry","category-alg-2","category-kretsen","category-undersokning","category-viltolyckor"],"jetpack_featured_media_url":"","_links":{"self":[{"href":"https:\/\/krets.jagareforbundet.se\/folkarna\/wp-json\/wp\/v2\/posts\/6731","targetHints":{"allow":["GET"]}}],"collection":[{"href":"https:\/\/krets.jagareforbundet.se\/folkarna\/wp-json\/wp\/v2\/posts"}],"about":[{"href":"https:\/\/krets.jagareforbundet.se\/folkarna\/wp-json\/wp\/v2\/types\/post"}],"author":[{"embeddable":true,"href":"https:\/\/krets.jagareforbundet.se\/folkarna\/wp-json\/wp\/v2\/users\/78"}],"replies":[{"embeddable":true,"href":"https:\/\/krets.jagareforbundet.se\/folkarna\/wp-json\/wp\/v2\/comments?post=6731"}],"version-history":[{"count":0,"href":"https:\/\/krets.jagareforbundet.se\/folkarna\/wp-json\/wp\/v2\/posts\/6731\/revisions"}],"wp:attachment":[{"href":"https:\/\/krets.jagareforbundet.se\/folkarna\/wp-json\/wp\/v2\/media?parent=6731"}],"wp:term":[{"taxonomy":"category","embeddable":true,"href":"https:\/\/krets.jagareforbundet.se\/folkarna\/wp-json\/wp\/v2\/categories?post=6731"},{"taxonomy":"post_tag","embeddable":true,"href":"https:\/\/krets.jagareforbundet.se\/folkarna\/wp-json\/wp\/v2\/tags?post=6731"}],"curies":[{"name":"wp","href":"https:\/\/api.w.org\/{rel}","templated":true}]}}