{"id":6780,"date":"2018-11-20T16:59:32","date_gmt":"2018-11-20T15:59:32","guid":{"rendered":"https:\/\/krets.jagareforbundet.se\/folkarna\/?p=6780"},"modified":"2018-11-20T16:59:32","modified_gmt":"2018-11-20T15:59:32","slug":"kalvvikter-w-lan-2011-2018","status":"publish","type":"post","link":"https:\/\/krets.jagareforbundet.se\/folkarna\/2018\/11\/20\/kalvvikter-w-lan-2011-2018\/","title":{"rendered":"Kalvvikter W l\u00e4n 2011 &#8211; 2018"},"content":{"rendered":"<p>De medelvikter som presenteras h\u00e4r har ber\u00e4knats p\u00e5 kalvar som f\u00e4llts fr\u00e5n f\u00f6rsta m\u00e5ndagen i september fram till den sista oktober varje \u00e5r. Utifr\u00e5n detta material kan man ocks\u00e5 se att andelen l\u00e4tta (under 50 kg) kalvar \u00f6kat och andelen tunga (\u00f6ver 80 kg) kalvar minskat under perioden, men detta kan bero p\u00e5 att l\u00e4nets j\u00e4gare numera skjuter fler kalvar tidigt under jakts\u00e4songen \u00e4n man gjorde tidigare. Kraven p\u00e5 en h\u00f6g andel kalv i avskjutningen och kraven p\u00e5 m\u00e5luppfyllnad kan ha gjort l\u00e4nets j\u00e4gare mer medvetna om vikten av att h\u00e4nga med vad g\u00e4ller kalvavskjutning redan tidigt p\u00e5 s\u00e4songen. Sammantaget verkar det g\u00e5ngna \u00e5rets extrema v\u00e4der ha p\u00e5verkat kalvvikterna i Dalarna h\u00f6gst marginellt.<\/p>\n<p><a href=\"https:\/\/krets.jagareforbundet.se\/folkarna\/files\/2018\/11\/kalvvikter-2014-2018-w..jpg\"><img loading=\"lazy\" decoding=\"async\" class=\"aligncenter size-full wp-image-6781\" src=\"https:\/\/krets.jagareforbundet.se\/folkarna\/files\/2018\/11\/kalvvikter-2014-2018-w..jpg\" alt=\"\" width=\"600\" height=\"361\" srcset=\"https:\/\/krets.jagareforbundet.se\/folkarna\/files\/2018\/11\/kalvvikter-2014-2018-w..jpg 600w, https:\/\/krets.jagareforbundet.se\/folkarna\/files\/2018\/11\/kalvvikter-2014-2018-w.-300x181.jpg 300w\" sizes=\"auto, (max-width: 600px) 100vw, 600px\" \/><\/a> <a href=\"https:\/\/krets.jagareforbundet.se\/folkarna\/files\/2018\/11\/test-2.jpg\"><img loading=\"lazy\" decoding=\"async\" class=\"aligncenter size-full wp-image-6782\" src=\"https:\/\/krets.jagareforbundet.se\/folkarna\/files\/2018\/11\/test-2.jpg\" alt=\"\" width=\"600\" height=\"361\" srcset=\"https:\/\/krets.jagareforbundet.se\/folkarna\/files\/2018\/11\/test-2.jpg 600w, https:\/\/krets.jagareforbundet.se\/folkarna\/files\/2018\/11\/test-2-300x181.jpg 300w\" sizes=\"auto, (max-width: 600px) 100vw, 600px\" \/><\/a><\/p>\n<p><a href=\"https:\/\/krets.jagareforbundet.se\/folkarna\/files\/2018\/11\/kalvvikter-2014-2018-w..jpg\"><img loading=\"lazy\" decoding=\"async\" class=\"aligncenter size-full wp-image-6781\" src=\"https:\/\/krets.jagareforbundet.se\/folkarna\/files\/2018\/11\/kalvvikter-2014-2018-w..jpg\" alt=\"\" width=\"600\" height=\"361\" srcset=\"https:\/\/krets.jagareforbundet.se\/folkarna\/files\/2018\/11\/kalvvikter-2014-2018-w..jpg 600w, https:\/\/krets.jagareforbundet.se\/folkarna\/files\/2018\/11\/kalvvikter-2014-2018-w.-300x181.jpg 300w\" sizes=\"auto, (max-width: 600px) 100vw, 600px\" \/><\/a><\/p>\n","protected":false},"excerpt":{"rendered":"<p>De medelvikter som presenteras h\u00e4r har ber\u00e4knats p\u00e5 kalvar som f\u00e4llts fr\u00e5n f\u00f6rsta m\u00e5ndagen i september fram till den sista oktober varje \u00e5r. Utifr\u00e5n detta material kan man ocks\u00e5 se att andelen l\u00e4tta (under 50 kg) kalvar \u00f6kat och andelen tunga (\u00f6ver 80 kg) kalvar minskat under perioden, men detta kan bero p\u00e5 att l\u00e4nets [&hellip;]<\/p>\n","protected":false},"author":78,"featured_media":0,"comment_status":"open","ping_status":"open","sticky":false,"template":"","format":"standard","meta":{"footnotes":""},"categories":[16],"tags":[],"class_list":["post-6780","post","type-post","status-publish","format-standard","hentry","category-alg-2"],"jetpack_featured_media_url":"","_links":{"self":[{"href":"https:\/\/krets.jagareforbundet.se\/folkarna\/wp-json\/wp\/v2\/posts\/6780","targetHints":{"allow":["GET"]}}],"collection":[{"href":"https:\/\/krets.jagareforbundet.se\/folkarna\/wp-json\/wp\/v2\/posts"}],"about":[{"href":"https:\/\/krets.jagareforbundet.se\/folkarna\/wp-json\/wp\/v2\/types\/post"}],"author":[{"embeddable":true,"href":"https:\/\/krets.jagareforbundet.se\/folkarna\/wp-json\/wp\/v2\/users\/78"}],"replies":[{"embeddable":true,"href":"https:\/\/krets.jagareforbundet.se\/folkarna\/wp-json\/wp\/v2\/comments?post=6780"}],"version-history":[{"count":0,"href":"https:\/\/krets.jagareforbundet.se\/folkarna\/wp-json\/wp\/v2\/posts\/6780\/revisions"}],"wp:attachment":[{"href":"https:\/\/krets.jagareforbundet.se\/folkarna\/wp-json\/wp\/v2\/media?parent=6780"}],"wp:term":[{"taxonomy":"category","embeddable":true,"href":"https:\/\/krets.jagareforbundet.se\/folkarna\/wp-json\/wp\/v2\/categories?post=6780"},{"taxonomy":"post_tag","embeddable":true,"href":"https:\/\/krets.jagareforbundet.se\/folkarna\/wp-json\/wp\/v2\/tags?post=6780"}],"curies":[{"name":"wp","href":"https:\/\/api.w.org\/{rel}","templated":true}]}}