{"id":6887,"date":"2019-03-13T19:42:57","date_gmt":"2019-03-13T18:42:57","guid":{"rendered":"https:\/\/krets.jagareforbundet.se\/folkarna\/?p=6887"},"modified":"2019-03-13T19:42:57","modified_gmt":"2019-03-13T18:42:57","slug":"eftersok","status":"publish","type":"post","link":"https:\/\/krets.jagareforbundet.se\/folkarna\/2019\/03\/13\/eftersok\/","title":{"rendered":"Efters\u00f6k"},"content":{"rendered":"<p>Sp\u00e5rningskurs i v\u00e5r \/ sommar !<\/p>\n<p>L\u00e5ter det intressant ?<\/p>\n<p>Ring f\u00f6r information och anm\u00e4lan<\/p>\n<p>Per Bergkvist tel 070-682 69 28<\/p>\n","protected":false},"excerpt":{"rendered":"<p>Sp\u00e5rningskurs i v\u00e5r \/ sommar ! L\u00e5ter det intressant ? Ring f\u00f6r information och anm\u00e4lan Per Bergkvist tel 070-682 69 28<\/p>\n","protected":false},"author":78,"featured_media":0,"comment_status":"open","ping_status":"open","sticky":false,"template":"","format":"standard","meta":{"footnotes":""},"categories":[49],"tags":[],"class_list":["post-6887","post","type-post","status-publish","format-standard","hentry","category-hund"],"jetpack_featured_media_url":"","_links":{"self":[{"href":"https:\/\/krets.jagareforbundet.se\/folkarna\/wp-json\/wp\/v2\/posts\/6887","targetHints":{"allow":["GET"]}}],"collection":[{"href":"https:\/\/krets.jagareforbundet.se\/folkarna\/wp-json\/wp\/v2\/posts"}],"about":[{"href":"https:\/\/krets.jagareforbundet.se\/folkarna\/wp-json\/wp\/v2\/types\/post"}],"author":[{"embeddable":true,"href":"https:\/\/krets.jagareforbundet.se\/folkarna\/wp-json\/wp\/v2\/users\/78"}],"replies":[{"embeddable":true,"href":"https:\/\/krets.jagareforbundet.se\/folkarna\/wp-json\/wp\/v2\/comments?post=6887"}],"version-history":[{"count":0,"href":"https:\/\/krets.jagareforbundet.se\/folkarna\/wp-json\/wp\/v2\/posts\/6887\/revisions"}],"wp:attachment":[{"href":"https:\/\/krets.jagareforbundet.se\/folkarna\/wp-json\/wp\/v2\/media?parent=6887"}],"wp:term":[{"taxonomy":"category","embeddable":true,"href":"https:\/\/krets.jagareforbundet.se\/folkarna\/wp-json\/wp\/v2\/categories?post=6887"},{"taxonomy":"post_tag","embeddable":true,"href":"https:\/\/krets.jagareforbundet.se\/folkarna\/wp-json\/wp\/v2\/tags?post=6887"}],"curies":[{"name":"wp","href":"https:\/\/api.w.org\/{rel}","templated":true}]}}