{"id":6963,"date":"2019-05-30T18:16:51","date_gmt":"2019-05-30T16:16:51","guid":{"rendered":"https:\/\/krets.jagareforbundet.se\/folkarna\/?p=6963"},"modified":"2019-05-30T18:16:51","modified_gmt":"2019-05-30T16:16:51","slug":"tank-pa-att","status":"publish","type":"post","link":"https:\/\/krets.jagareforbundet.se\/folkarna\/2019\/05\/30\/tank-pa-att\/","title":{"rendered":"T\u00e4nk p\u00e5 att"},"content":{"rendered":"<p>Varg och Bj\u00f6rn f\u00f6rsv\u00e5rar \u00e4lgf\u00f6rvaltningen.<\/p>\n<p>J\u00e4garef\u00f6rbundet ska verka f\u00f6r att rovdjuren inte har en avg\u00f6rande p\u00e5verkan p\u00e5 \u00e4lgf\u00f6rvaltningen. Detta g\u00e4ller b\u00e5de f\u00f6ruts\u00e4ttning att bedriva jakt med l\u00f6s hund samt m\u00f6jligheten till ett jaktligt uttag. I rovdjurst\u00e4ta omr\u00e5den ska en h\u00f6g andel kalv i avskjutningen prioriteras. I vargomr\u00e5den ska avskjutningen av produktiva djur vara restriktiv, samt att en h\u00f6gre vinterpopulation av \u00e4lg accepteras. Att delta i J\u00e4garef\u00f6rbundets l\u00f6pande rovdjursinventering \u00e4r en sj\u00e4lvklar uppgift f\u00f6r f\u00f6r jaktlagen.<\/p>\n","protected":false},"excerpt":{"rendered":"<p>Varg och Bj\u00f6rn f\u00f6rsv\u00e5rar \u00e4lgf\u00f6rvaltningen. J\u00e4garef\u00f6rbundet ska verka f\u00f6r att rovdjuren inte har en avg\u00f6rande p\u00e5verkan p\u00e5 \u00e4lgf\u00f6rvaltningen. Detta g\u00e4ller b\u00e5de f\u00f6ruts\u00e4ttning att bedriva jakt med l\u00f6s hund samt m\u00f6jligheten till ett jaktligt uttag. I rovdjurst\u00e4ta omr\u00e5den ska en h\u00f6g andel kalv i avskjutningen prioriteras. I vargomr\u00e5den ska avskjutningen av produktiva djur vara restriktiv, samt [&hellip;]<\/p>\n","protected":false},"author":78,"featured_media":0,"comment_status":"open","ping_status":"open","sticky":false,"template":"","format":"standard","meta":{"footnotes":""},"categories":[16,49,21,15],"tags":[],"class_list":["post-6963","post","type-post","status-publish","format-standard","hentry","category-alg-2","category-hund","category-jaktlagen","category-rovdjur"],"jetpack_featured_media_url":"","_links":{"self":[{"href":"https:\/\/krets.jagareforbundet.se\/folkarna\/wp-json\/wp\/v2\/posts\/6963","targetHints":{"allow":["GET"]}}],"collection":[{"href":"https:\/\/krets.jagareforbundet.se\/folkarna\/wp-json\/wp\/v2\/posts"}],"about":[{"href":"https:\/\/krets.jagareforbundet.se\/folkarna\/wp-json\/wp\/v2\/types\/post"}],"author":[{"embeddable":true,"href":"https:\/\/krets.jagareforbundet.se\/folkarna\/wp-json\/wp\/v2\/users\/78"}],"replies":[{"embeddable":true,"href":"https:\/\/krets.jagareforbundet.se\/folkarna\/wp-json\/wp\/v2\/comments?post=6963"}],"version-history":[{"count":0,"href":"https:\/\/krets.jagareforbundet.se\/folkarna\/wp-json\/wp\/v2\/posts\/6963\/revisions"}],"wp:attachment":[{"href":"https:\/\/krets.jagareforbundet.se\/folkarna\/wp-json\/wp\/v2\/media?parent=6963"}],"wp:term":[{"taxonomy":"category","embeddable":true,"href":"https:\/\/krets.jagareforbundet.se\/folkarna\/wp-json\/wp\/v2\/categories?post=6963"},{"taxonomy":"post_tag","embeddable":true,"href":"https:\/\/krets.jagareforbundet.se\/folkarna\/wp-json\/wp\/v2\/tags?post=6963"}],"curies":[{"name":"wp","href":"https:\/\/api.w.org\/{rel}","templated":true}]}}