{"id":7020,"date":"2019-08-01T16:16:04","date_gmt":"2019-08-01T14:16:04","guid":{"rendered":"https:\/\/krets.jagareforbundet.se\/folkarna\/?p=7020"},"modified":"2019-08-01T16:17:00","modified_gmt":"2019-08-01T14:17:00","slug":"7020","status":"publish","type":"post","link":"https:\/\/krets.jagareforbundet.se\/folkarna\/2019\/08\/01\/7020\/","title":{"rendered":"Hundjakt"},"content":{"rendered":"<p>Nu \u00e4r den ig\u00e5ng igen, den efterl\u00e4ngtade jakten med hund. S\u00e5 m\u00e5nga j\u00e4gare kanske inte sysslar med nattlig jakt p\u00e5 gr\u00e4vling, desto fler jagar vildsvin med hund. Men s\u00e5 h\u00e4r tidigt p\u00e5 s\u00e4songen g\u00e4ller det att vara <strong>helt s\u00e4ker p\u00e5 att hundarna endast jagar till\u00e5tet villebr\u00e5d.<\/strong><\/p>\n<p>[2019-08-01-\u00c5B]<\/p>\n","protected":false},"excerpt":{"rendered":"<p>Nu \u00e4r den ig\u00e5ng igen, den efterl\u00e4ngtade jakten med hund. S\u00e5 m\u00e5nga j\u00e4gare kanske inte sysslar med nattlig jakt p\u00e5 gr\u00e4vling, desto fler jagar vildsvin med hund. Men s\u00e5 h\u00e4r tidigt p\u00e5 s\u00e4songen g\u00e4ller det att vara helt s\u00e4ker p\u00e5 att hundarna endast jagar till\u00e5tet villebr\u00e5d. [2019-08-01-\u00c5B]<\/p>\n","protected":false},"author":78,"featured_media":0,"comment_status":"open","ping_status":"open","sticky":false,"template":"","format":"standard","meta":{"footnotes":""},"categories":[49,17],"tags":[],"class_list":["post-7020","post","type-post","status-publish","format-standard","hentry","category-hund","category-vildsvin"],"jetpack_featured_media_url":"","_links":{"self":[{"href":"https:\/\/krets.jagareforbundet.se\/folkarna\/wp-json\/wp\/v2\/posts\/7020","targetHints":{"allow":["GET"]}}],"collection":[{"href":"https:\/\/krets.jagareforbundet.se\/folkarna\/wp-json\/wp\/v2\/posts"}],"about":[{"href":"https:\/\/krets.jagareforbundet.se\/folkarna\/wp-json\/wp\/v2\/types\/post"}],"author":[{"embeddable":true,"href":"https:\/\/krets.jagareforbundet.se\/folkarna\/wp-json\/wp\/v2\/users\/78"}],"replies":[{"embeddable":true,"href":"https:\/\/krets.jagareforbundet.se\/folkarna\/wp-json\/wp\/v2\/comments?post=7020"}],"version-history":[{"count":2,"href":"https:\/\/krets.jagareforbundet.se\/folkarna\/wp-json\/wp\/v2\/posts\/7020\/revisions"}],"predecessor-version":[{"id":7022,"href":"https:\/\/krets.jagareforbundet.se\/folkarna\/wp-json\/wp\/v2\/posts\/7020\/revisions\/7022"}],"wp:attachment":[{"href":"https:\/\/krets.jagareforbundet.se\/folkarna\/wp-json\/wp\/v2\/media?parent=7020"}],"wp:term":[{"taxonomy":"category","embeddable":true,"href":"https:\/\/krets.jagareforbundet.se\/folkarna\/wp-json\/wp\/v2\/categories?post=7020"},{"taxonomy":"post_tag","embeddable":true,"href":"https:\/\/krets.jagareforbundet.se\/folkarna\/wp-json\/wp\/v2\/tags?post=7020"}],"curies":[{"name":"wp","href":"https:\/\/api.w.org\/{rel}","templated":true}]}}