{"id":7054,"date":"2019-08-28T11:58:21","date_gmt":"2019-08-28T09:58:21","guid":{"rendered":"https:\/\/krets.jagareforbundet.se\/folkarna\/?p=7054"},"modified":"2019-08-28T11:58:21","modified_gmt":"2019-08-28T09:58:21","slug":"radda-algen","status":"publish","type":"post","link":"https:\/\/krets.jagareforbundet.se\/folkarna\/2019\/08\/28\/radda-algen\/","title":{"rendered":"R\u00e4dda \u00c4lgen"},"content":{"rendered":"<p><strong>Kan man R\u00e4dda \u00e4lgen genom att jaga den?<\/strong><\/p>\n<p>\u2013 Ja. Det verkar bara vara vi j\u00e4gare som bryr oss om \u00e4lgen. Skogsbolagen har velat minska \u00e4lgstammen i m\u00e5nga \u00e5r. Idag har vi f\u00e4rre \u00e4lgar \u00e4n p\u00e5 \u00f6ver 20 \u00e5r. Men myndigheter och skogs\u00e4garna vill minska \u00e4lgstammen \u00e4nnu mer. Vi tycker att skogarna \u00e4r s\u00e5 stora f\u00f6r att det ryms b\u00e5de \u00e4lgar och skogsbruk. S\u00e5 ett av m\u00e5len f\u00f6r oss \u00e4r att s\u00e4kerst\u00e4lla en bra \u00e4lgstam som t\u00e5l en l\u00e5ngsiktig och h\u00e5llbar jakt.<\/p>\n<p>&nbsp;<\/p>\n<p><strong>Men \u00e4lgarna betar s\u00f6nder tallplanteringar, det \u00e4r v\u00e4l inte bra?<\/strong><\/p>\n<p>\u2013 Nej. Det \u00e4r otroligt tr\u00e5kigt att vi hamnat i denna situation. \u00c4lgarna beh\u00f6ver \u00e4ta f\u00f6r att \u00f6verleva. Men den f\u00f6da som \u00e4lgen helst \u00e4ter trycks undan av dagens effektiva skogsbruk. Samtidigt planteras gran \u2013 som \u00e4lgen inte gillar \u2013 p\u00e5 marker d\u00e4r det borde st\u00e5 tall. Eftersom det finns f\u00f6r f\u00e5 tallar skadas tr\u00e4d som skogsbruket vill ha till sin produktion. Men det \u00e4r inte \u00e4lgens fel att det saknas tall, r\u00f6nn, asp, s\u00e4lg, ek och b\u00e4rris. Det \u00e4r m\u00e4nniskans. Vi beh\u00f6ver mer tall, b\u00e4rris och l\u00f6vtr\u00e4d som \u00e4lgen gillar att \u00e4ta. F\u00e5r vi det minskar ocks\u00e5 skadorna.<\/p>\n<p>&nbsp;<\/p>\n<p><strong>\u00c4r det skogsbrukets fel att det saknas tall?<\/strong><\/p>\n<p>\u2013 Vi pekar inte p\u00e5 n\u00e5gon och s\u00e4ger att det \u00e4r deras fel. Men skogsbruket, Skogsstyrelsen och v\u00e5r skogspolitik har inte gynnat tallplantering. Ist\u00e4llet har vi satt granar p\u00e5 tallmarker under flera \u00e5rtionden. Vi har nu hamnat i en situation d\u00e4r vi inte l\u00e4ngre kan minska \u00e4lgstammen ytterligare om vi samtidigt ska ha en meningsfull \u00e4lgjakt. Vi beh\u00f6ver se till att det blir mer tall i de svenska skogarna. Vi beh\u00f6ver R\u00e4dda \u00e4lgen.<\/p>\n<p>\u2013 Samtidigt \u00e4r det viktigt att f\u00f6rst\u00e5 att skogsbolagen \u00e4r f\u00f6retag som naturligtvis vill ha h\u00f6g l\u00f6nsamhet. Vi \u00e4r en j\u00e4garorganisation som vill ha en frisk natur med bra viltstammar. Tillsammans m\u00e5ste vi hitta en balans mellan v\u00e5ra olika m\u00e5ls\u00e4ttningar. Skogen ska helt enkelt ha plats f\u00f6r b\u00e5de \u00e4lgar och skogsbruk.<\/p>\n","protected":false},"excerpt":{"rendered":"<p>Kan man R\u00e4dda \u00e4lgen genom att jaga den? \u2013 Ja. Det verkar bara vara vi j\u00e4gare som bryr oss om \u00e4lgen. Skogsbolagen har velat minska \u00e4lgstammen i m\u00e5nga \u00e5r. Idag har vi f\u00e4rre \u00e4lgar \u00e4n p\u00e5 \u00f6ver 20 \u00e5r. Men myndigheter och skogs\u00e4garna vill minska \u00e4lgstammen \u00e4nnu mer. Vi tycker att skogarna \u00e4r s\u00e5 stora [&hellip;]<\/p>\n","protected":false},"author":78,"featured_media":0,"comment_status":"open","ping_status":"open","sticky":false,"template":"","format":"standard","meta":{"footnotes":""},"categories":[16,78],"tags":[],"class_list":["post-7054","post","type-post","status-publish","format-standard","hentry","category-alg-2","category-marker"],"jetpack_featured_media_url":"","_links":{"self":[{"href":"https:\/\/krets.jagareforbundet.se\/folkarna\/wp-json\/wp\/v2\/posts\/7054","targetHints":{"allow":["GET"]}}],"collection":[{"href":"https:\/\/krets.jagareforbundet.se\/folkarna\/wp-json\/wp\/v2\/posts"}],"about":[{"href":"https:\/\/krets.jagareforbundet.se\/folkarna\/wp-json\/wp\/v2\/types\/post"}],"author":[{"embeddable":true,"href":"https:\/\/krets.jagareforbundet.se\/folkarna\/wp-json\/wp\/v2\/users\/78"}],"replies":[{"embeddable":true,"href":"https:\/\/krets.jagareforbundet.se\/folkarna\/wp-json\/wp\/v2\/comments?post=7054"}],"version-history":[{"count":1,"href":"https:\/\/krets.jagareforbundet.se\/folkarna\/wp-json\/wp\/v2\/posts\/7054\/revisions"}],"predecessor-version":[{"id":7055,"href":"https:\/\/krets.jagareforbundet.se\/folkarna\/wp-json\/wp\/v2\/posts\/7054\/revisions\/7055"}],"wp:attachment":[{"href":"https:\/\/krets.jagareforbundet.se\/folkarna\/wp-json\/wp\/v2\/media?parent=7054"}],"wp:term":[{"taxonomy":"category","embeddable":true,"href":"https:\/\/krets.jagareforbundet.se\/folkarna\/wp-json\/wp\/v2\/categories?post=7054"},{"taxonomy":"post_tag","embeddable":true,"href":"https:\/\/krets.jagareforbundet.se\/folkarna\/wp-json\/wp\/v2\/tags?post=7054"}],"curies":[{"name":"wp","href":"https:\/\/api.w.org\/{rel}","templated":true}]}}