{"id":7397,"date":"2020-04-01T18:08:05","date_gmt":"2020-04-01T16:08:05","guid":{"rendered":"https:\/\/krets.jagareforbundet.se\/folkarna\/?p=7397"},"modified":"2020-04-01T18:08:05","modified_gmt":"2020-04-01T16:08:05","slug":"vildsvin","status":"publish","type":"post","link":"https:\/\/krets.jagareforbundet.se\/folkarna\/2020\/04\/01\/vildsvin\/","title":{"rendered":"Vildsvin"},"content":{"rendered":"<p>Ny Nationell f\u00f6rvaltningsplan finns nu p\u00e5 v\u00e5r Vildsvinssida. <strong>Klicka H\u00e4r<\/strong> https:\/\/krets.jagareforbundet.se\/folkarna\/jaktfragor\/smavilt2\/vildsvin\/<\/p>\n","protected":false},"excerpt":{"rendered":"<p>Ny Nationell f\u00f6rvaltningsplan finns nu p\u00e5 v\u00e5r Vildsvinssida. Klicka H\u00e4r https:\/\/krets.jagareforbundet.se\/folkarna\/jaktfragor\/smavilt2\/vildsvin\/<\/p>\n","protected":false},"author":78,"featured_media":0,"comment_status":"open","ping_status":"open","sticky":false,"template":"","format":"standard","meta":{"footnotes":""},"categories":[17],"tags":[],"class_list":["post-7397","post","type-post","status-publish","format-standard","hentry","category-vildsvin"],"jetpack_featured_media_url":"","_links":{"self":[{"href":"https:\/\/krets.jagareforbundet.se\/folkarna\/wp-json\/wp\/v2\/posts\/7397","targetHints":{"allow":["GET"]}}],"collection":[{"href":"https:\/\/krets.jagareforbundet.se\/folkarna\/wp-json\/wp\/v2\/posts"}],"about":[{"href":"https:\/\/krets.jagareforbundet.se\/folkarna\/wp-json\/wp\/v2\/types\/post"}],"author":[{"embeddable":true,"href":"https:\/\/krets.jagareforbundet.se\/folkarna\/wp-json\/wp\/v2\/users\/78"}],"replies":[{"embeddable":true,"href":"https:\/\/krets.jagareforbundet.se\/folkarna\/wp-json\/wp\/v2\/comments?post=7397"}],"version-history":[{"count":1,"href":"https:\/\/krets.jagareforbundet.se\/folkarna\/wp-json\/wp\/v2\/posts\/7397\/revisions"}],"predecessor-version":[{"id":7398,"href":"https:\/\/krets.jagareforbundet.se\/folkarna\/wp-json\/wp\/v2\/posts\/7397\/revisions\/7398"}],"wp:attachment":[{"href":"https:\/\/krets.jagareforbundet.se\/folkarna\/wp-json\/wp\/v2\/media?parent=7397"}],"wp:term":[{"taxonomy":"category","embeddable":true,"href":"https:\/\/krets.jagareforbundet.se\/folkarna\/wp-json\/wp\/v2\/categories?post=7397"},{"taxonomy":"post_tag","embeddable":true,"href":"https:\/\/krets.jagareforbundet.se\/folkarna\/wp-json\/wp\/v2\/tags?post=7397"}],"curies":[{"name":"wp","href":"https:\/\/api.w.org\/{rel}","templated":true}]}}