{"id":7426,"date":"2020-05-30T13:56:21","date_gmt":"2020-05-30T11:56:21","guid":{"rendered":"https:\/\/krets.jagareforbundet.se\/folkarna\/?p=7426"},"modified":"2020-05-30T13:57:45","modified_gmt":"2020-05-30T11:57:45","slug":"dalarnas-lansforbund-stamma","status":"publish","type":"post","link":"https:\/\/krets.jagareforbundet.se\/folkarna\/2020\/05\/30\/dalarnas-lansforbund-stamma\/","title":{"rendered":"Dalarnas L\u00e4nsf\u00f6rbund St\u00e4mma"},"content":{"rendered":"<p>JFD st\u00e4mma h\u00f6lls 2020 digitalt som f\u00f6rm\u00f6te den 27\/5 d\u00e4r alla beslutspunkter gicks igenom och data tekniken kontrollerades, och befanns fungera v\u00e4l. St\u00e4mman h\u00f6lls l\u00f6rdag den 30\/5 och d\u00e4r de flesta kretsar var n\u00e4rvarande. Den enda motion som skapade diskussion p\u00e5 f\u00f6rm\u00f6tet var Motion 1, en motion som styrelsen g\u00e5r de Bj\u00f6rn jagande &#8221;f\u00f6retagens&#8221; \u00e4renden, och yrkade avslag p\u00e5, vilket ocks\u00e5 blev st\u00e4mman mening.<\/p>\n<p>FJVK har i detta \u00e4rende ocks\u00e5 tidigare st\u00f6tt motion\u00e4rens \u00f6nskan om fler tilldelningsomr\u00e5den, f\u00f6r att f\u00f6rhindra r\u00e5dande stress, f\u00f6r att bli f\u00f6rst att skjuta de f\u00e5 bj\u00f6rnar som tilldelas de s\u00f6dra omr\u00e5dena. Styrelsemedlem kontrade med att de skulle vilja ha, ett enda tilldelnings omr\u00e5de, och d\u00e4rmed \u00f6ka avskjutnings stressen, d\u00e5 det tar mycket l\u00e4ngre tid att organisera bj\u00f6rnjakt p\u00e5 f\u00e5 bj\u00f6rnar i s\u00f6dra Dalarna, \u00e4n p\u00e5 m\u00e5nga i norra Dalarna.<\/p>\n<p>Att det r\u00e5der s\u00e5dan skillnad mellan styrelsen och kretsarna \u00e4r inte bra d\u00e5 vi har representanter i styrelsen med andra uppfattning \u00e4n kretsar \u00e4r bet\u00e4nkligt. Styrelsens l\u00e5nga yttrade finns d\u00e4rf\u00f6r h\u00e4r f\u00f6r v\u00e5ra medlemmar skall f\u00f6rst\u00e5 fr\u00e5gan.<\/p>\n<p>Klicka <a href=\"https:\/\/krets.jagareforbundet.se\/folkarna\/files\/2020\/05\/Svar-p\u00e5-inkomna-synpunkter-inf\u00f6r-l\u00e4nsst\u00e4mman-2020.pdf\">H\u00c4R<\/a><\/p>\n<p>En befogad fr\u00e5ga \u00e4r d\u00e5 &#8221;Hur t\u00e4nker JFD l\u00f6sa denna fr\u00e5ga&#8221; ?<\/p>\n<p>\/\u00c5B<\/p>\n","protected":false},"excerpt":{"rendered":"<p>JFD st\u00e4mma h\u00f6lls 2020 digitalt som f\u00f6rm\u00f6te den 27\/5 d\u00e4r alla beslutspunkter gicks igenom och data tekniken kontrollerades, och befanns fungera v\u00e4l. St\u00e4mman h\u00f6lls l\u00f6rdag den 30\/5 och d\u00e4r de flesta kretsar var n\u00e4rvarande. Den enda motion som skapade diskussion p\u00e5 f\u00f6rm\u00f6tet var Motion 1, en motion som styrelsen g\u00e5r de Bj\u00f6rn jagande &#8221;f\u00f6retagens&#8221; \u00e4renden, [&hellip;]<\/p>\n","protected":false},"author":78,"featured_media":0,"comment_status":"open","ping_status":"open","sticky":false,"template":"","format":"standard","meta":{"footnotes":""},"categories":[68,50],"tags":[],"class_list":["post-7426","post","type-post","status-publish","format-standard","hentry","category-moten","category-stamma"],"jetpack_featured_media_url":"","_links":{"self":[{"href":"https:\/\/krets.jagareforbundet.se\/folkarna\/wp-json\/wp\/v2\/posts\/7426","targetHints":{"allow":["GET"]}}],"collection":[{"href":"https:\/\/krets.jagareforbundet.se\/folkarna\/wp-json\/wp\/v2\/posts"}],"about":[{"href":"https:\/\/krets.jagareforbundet.se\/folkarna\/wp-json\/wp\/v2\/types\/post"}],"author":[{"embeddable":true,"href":"https:\/\/krets.jagareforbundet.se\/folkarna\/wp-json\/wp\/v2\/users\/78"}],"replies":[{"embeddable":true,"href":"https:\/\/krets.jagareforbundet.se\/folkarna\/wp-json\/wp\/v2\/comments?post=7426"}],"version-history":[{"count":3,"href":"https:\/\/krets.jagareforbundet.se\/folkarna\/wp-json\/wp\/v2\/posts\/7426\/revisions"}],"predecessor-version":[{"id":7430,"href":"https:\/\/krets.jagareforbundet.se\/folkarna\/wp-json\/wp\/v2\/posts\/7426\/revisions\/7430"}],"wp:attachment":[{"href":"https:\/\/krets.jagareforbundet.se\/folkarna\/wp-json\/wp\/v2\/media?parent=7426"}],"wp:term":[{"taxonomy":"category","embeddable":true,"href":"https:\/\/krets.jagareforbundet.se\/folkarna\/wp-json\/wp\/v2\/categories?post=7426"},{"taxonomy":"post_tag","embeddable":true,"href":"https:\/\/krets.jagareforbundet.se\/folkarna\/wp-json\/wp\/v2\/tags?post=7426"}],"curies":[{"name":"wp","href":"https:\/\/api.w.org\/{rel}","templated":true}]}}