{"id":7685,"date":"2021-04-25T18:44:15","date_gmt":"2021-04-25T16:44:15","guid":{"rendered":"https:\/\/krets.jagareforbundet.se\/folkarna\/?p=7685"},"modified":"2021-04-25T18:45:58","modified_gmt":"2021-04-25T16:45:58","slug":"skrivelse-till-w-riksdagsledmoter","status":"publish","type":"post","link":"https:\/\/krets.jagareforbundet.se\/folkarna\/2021\/04\/25\/skrivelse-till-w-riksdagsledmoter\/","title":{"rendered":"Skrivelse till W Riksdagsledm\u00f6ter"},"content":{"rendered":"<p><strong>J\u00e4garef\u00f6rbundet Folk\u00e4rna \u00a0Jaktv\u00e5rdskrets skrivelse till Dalarnas samtliga riksdagsledam\u00f6ter.<\/strong><\/p>\n<p>Regeringen har fattat ett beslut om att avveckla det s\u00e5 kallade allm\u00e4nna uppdraget som Svenska J\u00e4garef\u00f6rbundet genom ett fast handslag mellan staten och f\u00f6rbundet f\u00f6rvaltat sedan 1938.<\/p>\n<p>Ett uppdrag som man genom kunskap, ideellt arbete, k\u00e4rlek till naturen och det vilda djurlivet f\u00f6rvaltat v\u00e4l. Dessutom sj\u00e4lvfinansierat genom j\u00e4garnas egna inbetalda medel via det statliga jaktkortet. Det har s\u00e5ledes inte kostat den svenska staten och dess skattebetalare en krona.<\/p>\n<p>Under riksm\u00f6tet 2014\/15 tog milj\u00f6- och jordbruksutskottet ett utskottsinitiativ som fick st\u00f6d av en majoritet i riksdagen, om att regeringen snarast ska inr\u00e4tta en ny myndighet med ansvar f\u00f6r viltf\u00f6rvaltning och jaktfr\u00e5gor. Det vill s\u00e4ga en ny viltmyndighet.<\/p>\n<p>Vad h\u00e4nde sedan?<\/p>\n<p>Absolut ingenting!<\/p>\n<p>Regeringen har f\u00f6rhalat fr\u00e5gan i \u00f6ver sex \u00e5r och obstruerat detta beslut om och om igen.<\/p>\n<p>S\u00e5 kommer d\u00e5 dagen i \u00e5r, den 7 januari 2021.<\/p>\n<p>Naturv\u00e5rdsverket ges av regeringen uppdraget att f\u00f6rvalta de delar som legat inom ramen f\u00f6r det allm\u00e4nna uppdrag som Svenska J\u00e4garef\u00f6rbundet utf\u00f6rt: Vilt\u00f6vervakning, trafikefters\u00f6k samt kl\u00f6vviltsf\u00f6rvaltning.<\/p>\n<p>Naturv\u00e5rdsverket f\u00f6resl\u00e5r utan f\u00f6rbeh\u00e5ll att det \u00e4r myndigheten som sj\u00e4lv ska \u00f6verta hela uppdraget, men det kommer naturligtvis att kosta. Det kommer att kosta s\u00e5 pass mycket att de inbetalade medel som j\u00e4garna bist\u00e5r med, trots en 33-procentig h\u00f6jning av avgiften f\u00f6r det statliga jaktkortet, inte kommer att r\u00e4cka till. Man \u00e4skar ytterligare medel!<\/p>\n<p>De som tidigare utf\u00f6rt uppdraget, de med kompetens, kunskap och materiella resurser \u2013 j\u00e4garna \u2013 avf\u00e4rdas ut genom bakd\u00f6rren.<br \/>\nDe som tidigare utf\u00f6rt uppdraget, till ingen kostnad alls, \u00e4r inte l\u00e4ngre \u00f6nskv\u00e4rda.<\/p>\n<p>P\u00e5 fr\u00e5gan i tidningen Svensk Jakt (13\/1 2021, <a href=\"https:\/\/svenskjakt.se\/start\/nyhet\/landsbygdsministern-ingen-ny-viltmyndighet-om-jagareforbundet-ska-ha-en-sarstallning\/\">https:\/\/svenskjakt.se\/start\/nyhet\/landsbygdsministern-ingen-ny-viltmyndighet-om-jagareforbundet-ska-ha-en-sarstallning\/<\/a> ), vart inr\u00e4ttandet av den beslutade viltmyndigheten tog v\u00e4gen, och varf\u00f6r Naturv\u00e5rdsverket, den myndighet som har l\u00e4gst f\u00f6rtroende bland j\u00e4gark\u00e5ren f\u00e5r uppdraget, svarar landsbygdsministern Jennie Nilsson (S):<\/p>\n<p><em>\u201d\u2013 Det blir samtidigt motstridigt; man kan inte ge J\u00e4garef\u00f6rbundet den s\u00e4rst\u00e4llning och det uppdraget som vi nu g\u00f6r <strong>samtidigt som man anv\u00e4nder pengar ur Viltv\u00e5rdsfonden f\u00f6r att bekosta en ny viltmyndighet<\/strong>. Det hade kr\u00e4vts ett betydande utredningsuppdrag som hade dragit ut p\u00e5 tiden. Dessutom hade det inte blivit en s\u00e4rskilt stor myndighet.\u201d<\/em><\/p>\n<p>Ett oerh\u00f6rt anm\u00e4rkningsv\u00e4rt uttalande!<\/p>\n<p>Vi repeterar:\u00a0 \u00a0 \u00a0 \u00a0 \u00a0 \u00a0 \u00a0 \u00a0 \u00a0 \u00a0 \u00a0 \u00a0 \u00a0 \u00a0 \u00a0 \u00a0 \u00a0 \u00a0 \u00a0 \u00a0 \u00a0 \u00a0 \u00a0 \u00a0 \u00a0 \u00a0 \u00a0 \u00a0 \u00a0 \u00a0 \u00a0 \u00a0 \u00a0 \u00a0 \u00a0 \u00a0 \u00a0 \u00a0 \u00a0 \u00a0 \u00a0 \u00a0 \u00a0 \u00a0 \u00a0 \u00a0 \u00a0 \u00a0 \u00a0 \u00a0 \u00a0 \u00a0 \u00a0 \u00a0 \u00a0 \u00a0 \u00a0 \u00a0 \u00a0 \u00a0 \u00a0 \u00a0 \u00a0 \u00a0 <strong><em>\u201dSamtidigt som man anv\u00e4nder pengar ur Viltv\u00e5rdsfonden f\u00f6r att bekosta en ny viltmyndighet!\u201d<\/em><\/strong><\/p>\n<p>Vilka andra myndigheter har bekostats av en intressegrupp som j\u00e4garna?\u00a0 Bildandet av en myndighet skall bekostas av allm\u00e4nna medel, inte av en fond som \u00e4r satt att f\u00f6rvalta och v\u00e4rna om det vilda djurlivet!\u00a0 \u00a0 \u00a0 \u00a0 \u00a0 \u00a0 \u00a0 \u00a0 \u00a0 \u00a0 \u00a0 \u00a0 \u00a0 \u00a0 \u00a0 \u00a0 \u00a0 \u00a0 \u00a0 \u00a0 \u00a0 \u00a0 \u00a0 \u00a0 \u00a0 \u00a0 \u00a0 \u00a0 \u00a0 \u00a0 \u00a0 \u00a0 \u00a0 \u00a0 \u00a0 \u00a0 \u00a0 \u00a0 \u00a0 \u00a0 \u00a0 \u00a0 \u00a0 \u00a0 \u00a0 \u00a0 \u00a0 \u00a0 \u00a0 \u00a0 \u00a0 \u00a0 \u00a0 \u00a0 \u00a0 \u00a0 \u00a0 \u00a0 \u00a0 \u00a0 \u00a0 \u00a0 \u00a0 \u00a0 \u00a0 \u00a0 \u00a0 \u00a0 \u00a0 \u00a0 \u00a0 \u00a0 \u00a0 \u00a0 \u00a0 \u00a0 \u00a0 \u00a0Det \u00e4r s\u00e5ledes inte sv\u00e5rt att r\u00e4kna ut att Viltv\u00e5rdsfonden f\u00e5r st\u00e5 f\u00f6r fiolerna \u00e4ven n\u00e4r Naturv\u00e5rdsverket \u00e4skar mer medel f\u00f6r att finansiera detta nya byr\u00e5kratiska uppdrag man \u00e5tagit sig.<\/p>\n<p>Vi i Folk\u00e4rna Jaktv\u00e5rdskrets ser mycket allvarligt p\u00e5 den uppkomna situationen.<br \/>\nVi kan inte annat \u00e4n konstatera, genom de beslut som fattats, och genom de uttalanden landsbygdsministern gjort i \u00e4rendet, att detta handlar om en ren konfiskering (l\u00e4s: st\u00f6ld) av j\u00e4garnas inbetalda medel till Viltv\u00e5rdsfonden.<\/p>\n<p>Styrelsen f\u00f6r Folk\u00e4rna\u00a0 Jaktv\u00e5rdskrets f\u00f6retr\u00e4der 200 lokala medlemmar, och anser att dessa medlemmars intressen och medel i och med regeringens beslut \u00e4r hotade. Folk\u00e4rna Jaktv\u00e5rdskrets kr\u00e4ver f\u00f6ljande:<\/p>\n<ol>\n<li>Att de riksdagsledam\u00f6ter som representerar v\u00e5rt l\u00e4n Dalarna, arbetar f\u00f6r att ovan beskrivna beslut rivs upp och en viltmyndighet inr\u00e4ttas \u00e5 det snaraste.<\/li>\n<li>Att Dalarnas riksdagsledam\u00f6ter p\u00e5verkar regeringen s\u00e5 att denna omg\u00e5ende agerar ang\u00e5ende de tillk\u00e4nnagivanden i jakt-skytte-vapenfr\u00e5gor riksdagen redan beslutat om, s\u00e5som:<\/li>\n<\/ol>\n<ul>\n<li><strong>En \u00f6versyn av vapenlagstiftningen i sin helhet.<\/strong><\/li>\n<li><strong>Sk\u00e4rpta straff f\u00f6r vapenbrott.<\/strong><\/li>\n<li><strong>Sk\u00e4rpta straff f\u00f6r vapensmuggling.<\/strong><\/li>\n<li><strong>Avskaffat krav p\u00e5 licens f\u00f6r ljudd\u00e4mpare.<\/strong><\/li>\n<li><strong>Ut\u00f6kad vapengarderob.<\/strong><\/li>\n<li><strong>\u00d6versyn av reglerna f\u00f6r EU:s vapenpass, det vill s\u00e4ga f\u00f6renklingar f\u00f6r att f\u00f6ra vapen in och ur landet.<\/strong><\/li>\n<li><strong>Inr\u00e4ttandet av en ny viltmyndighet<\/strong><\/li>\n<\/ul>\n<p>&nbsp;<\/p>\n<p>Fortsatt obstruerande i dessa fr\u00e5gor anser vi vara ett odemokratiskt agerande som inte anst\u00e5r en regering i ett demokratiskt samh\u00e4lle.<\/p>\n<p>J\u00e4garnas pengar till Viltv\u00e5rdsfonden skall inte hamna i en tung byr\u00e5kratisk finansiell slukande kvarn. J\u00e4garnas pengar skall nu och f\u00f6r alltid komma viltet och j\u00e4garna till gagn!<\/p>\n<p>&nbsp;<\/p>\n<p><strong>F\u00f6r J\u00e4garef\u00f6rbundet Folk\u00e4rnas Jaktv\u00e5rdskrets och p\u00e5 uppdrag av dess styrelse:\u00a0 \u00c5ke Berglund Ordf\u00f6rande.<\/strong><\/p>\n","protected":false},"excerpt":{"rendered":"<p>J\u00e4garef\u00f6rbundet Folk\u00e4rna \u00a0Jaktv\u00e5rdskrets skrivelse till Dalarnas samtliga riksdagsledam\u00f6ter. Regeringen har fattat ett beslut om att avveckla det s\u00e5 kallade allm\u00e4nna uppdraget som Svenska J\u00e4garef\u00f6rbundet genom ett fast handslag mellan staten och f\u00f6rbundet f\u00f6rvaltat sedan 1938. Ett uppdrag som man genom kunskap, ideellt arbete, k\u00e4rlek till naturen och det vilda djurlivet f\u00f6rvaltat v\u00e4l. Dessutom sj\u00e4lvfinansierat genom [&hellip;]<\/p>\n","protected":false},"author":78,"featured_media":0,"comment_status":"closed","ping_status":"closed","sticky":false,"template":"","format":"standard","meta":{"footnotes":""},"categories":[20],"tags":[],"class_list":["post-7685","post","type-post","status-publish","format-standard","hentry","category-kretsen"],"jetpack_featured_media_url":"","_links":{"self":[{"href":"https:\/\/krets.jagareforbundet.se\/folkarna\/wp-json\/wp\/v2\/posts\/7685","targetHints":{"allow":["GET"]}}],"collection":[{"href":"https:\/\/krets.jagareforbundet.se\/folkarna\/wp-json\/wp\/v2\/posts"}],"about":[{"href":"https:\/\/krets.jagareforbundet.se\/folkarna\/wp-json\/wp\/v2\/types\/post"}],"author":[{"embeddable":true,"href":"https:\/\/krets.jagareforbundet.se\/folkarna\/wp-json\/wp\/v2\/users\/78"}],"replies":[{"embeddable":true,"href":"https:\/\/krets.jagareforbundet.se\/folkarna\/wp-json\/wp\/v2\/comments?post=7685"}],"version-history":[{"count":1,"href":"https:\/\/krets.jagareforbundet.se\/folkarna\/wp-json\/wp\/v2\/posts\/7685\/revisions"}],"predecessor-version":[{"id":7686,"href":"https:\/\/krets.jagareforbundet.se\/folkarna\/wp-json\/wp\/v2\/posts\/7685\/revisions\/7686"}],"wp:attachment":[{"href":"https:\/\/krets.jagareforbundet.se\/folkarna\/wp-json\/wp\/v2\/media?parent=7685"}],"wp:term":[{"taxonomy":"category","embeddable":true,"href":"https:\/\/krets.jagareforbundet.se\/folkarna\/wp-json\/wp\/v2\/categories?post=7685"},{"taxonomy":"post_tag","embeddable":true,"href":"https:\/\/krets.jagareforbundet.se\/folkarna\/wp-json\/wp\/v2\/tags?post=7685"}],"curies":[{"name":"wp","href":"https:\/\/api.w.org\/{rel}","templated":true}]}}