{"id":8446,"date":"2023-09-29T17:12:00","date_gmt":"2023-09-29T15:12:00","guid":{"rendered":"https:\/\/krets.jagareforbundet.se\/folkarna\/?p=8446"},"modified":"2023-09-29T17:12:00","modified_gmt":"2023-09-29T15:12:00","slug":"algforvaltning","status":"publish","type":"post","link":"https:\/\/krets.jagareforbundet.se\/folkarna\/2023\/09\/29\/algforvaltning\/","title":{"rendered":"\u00c4lgf\u00f6rvaltning"},"content":{"rendered":"<p><strong>Utbildning i \u00e4lgf\u00f6rvaltning <\/strong><\/p>\n<p>I h\u00f6st har du m\u00f6jlighet att f\u00f6rdjupa dig i \u00e4lgf\u00f6rvaltning genom J\u00e4garef\u00f6rbundets digitala utbildning \u201d\u00c4lgf\u00f6rvaltning, ekologi och m\u00e4nniska\u201d. Du tar del av materialet via det digitala verktyget Coursio och genomf\u00f6r kursen i din egen takt och n\u00e4r du sj\u00e4lv har tid.<br \/>\nAnm\u00e4l dig senast 8 oktober till:<br \/>\n<a href=\"#hanne.kringstad@jagareforbundet.se\">hanne.kringstad@jagareforbundet.se<\/a><\/p>\n","protected":false},"excerpt":{"rendered":"<p>Utbildning i \u00e4lgf\u00f6rvaltning I h\u00f6st har du m\u00f6jlighet att f\u00f6rdjupa dig i \u00e4lgf\u00f6rvaltning genom J\u00e4garef\u00f6rbundets digitala utbildning \u201d\u00c4lgf\u00f6rvaltning, ekologi och m\u00e4nniska\u201d. Du tar del av materialet via det digitala verktyget Coursio och genomf\u00f6r kursen i din egen takt och n\u00e4r du sj\u00e4lv har tid. Anm\u00e4l dig senast 8 oktober till: hanne.kringstad@jagareforbundet.se<\/p>\n","protected":false},"author":78,"featured_media":0,"comment_status":"closed","ping_status":"closed","sticky":false,"template":"","format":"standard","meta":{"footnotes":""},"categories":[16,66],"tags":[],"class_list":["post-8446","post","type-post","status-publish","format-standard","hentry","category-alg-2","category-utbild"],"jetpack_featured_media_url":"","_links":{"self":[{"href":"https:\/\/krets.jagareforbundet.se\/folkarna\/wp-json\/wp\/v2\/posts\/8446","targetHints":{"allow":["GET"]}}],"collection":[{"href":"https:\/\/krets.jagareforbundet.se\/folkarna\/wp-json\/wp\/v2\/posts"}],"about":[{"href":"https:\/\/krets.jagareforbundet.se\/folkarna\/wp-json\/wp\/v2\/types\/post"}],"author":[{"embeddable":true,"href":"https:\/\/krets.jagareforbundet.se\/folkarna\/wp-json\/wp\/v2\/users\/78"}],"replies":[{"embeddable":true,"href":"https:\/\/krets.jagareforbundet.se\/folkarna\/wp-json\/wp\/v2\/comments?post=8446"}],"version-history":[{"count":1,"href":"https:\/\/krets.jagareforbundet.se\/folkarna\/wp-json\/wp\/v2\/posts\/8446\/revisions"}],"predecessor-version":[{"id":8447,"href":"https:\/\/krets.jagareforbundet.se\/folkarna\/wp-json\/wp\/v2\/posts\/8446\/revisions\/8447"}],"wp:attachment":[{"href":"https:\/\/krets.jagareforbundet.se\/folkarna\/wp-json\/wp\/v2\/media?parent=8446"}],"wp:term":[{"taxonomy":"category","embeddable":true,"href":"https:\/\/krets.jagareforbundet.se\/folkarna\/wp-json\/wp\/v2\/categories?post=8446"},{"taxonomy":"post_tag","embeddable":true,"href":"https:\/\/krets.jagareforbundet.se\/folkarna\/wp-json\/wp\/v2\/tags?post=8446"}],"curies":[{"name":"wp","href":"https:\/\/api.w.org\/{rel}","templated":true}]}}